{"id":279296,"date":"2022-08-22T15:21:14","date_gmt":"2022-08-22T13:21:14","guid":{"rendered":"https:\/\/zjarr.tv\/?p=279296"},"modified":"2022-08-22T15:21:14","modified_gmt":"2022-08-22T13:21:14","slug":"baballaret-kane-shkuar-ne-front-per-te-mbrojtur-femijet-e-tyre-gjenerali-ukrainas-rreth-9-000-ushtare-te-vrare-ne-luften-kunder-rusise","status":"publish","type":"post","link":"https:\/\/zjarr.tv\/sq\/baballaret-kane-shkuar-ne-front-per-te-mbrojtur-femijet-e-tyre-gjenerali-ukrainas-rreth-9-000-ushtare-te-vrare-ne-luften-kunder-rusise\/","title":{"rendered":"\u201cBaballar\u00ebt kan\u00eb shkuar n\u00eb front p\u00ebr t\u00eb mbrojtur f\u00ebmij\u00ebt e tyre\u201d- Gjenerali ukrainas: Rreth 9.000 ushtar\u00eb t\u00eb vrar\u00eb n\u00eb luft\u00ebn kund\u00ebr Rusis\u00eb"},"content":{"rendered":"<p>Pothuajse 9.000 pjes\u00ebtar\u00eb t\u00eb ushtris\u00eb ukrainase jan\u00eb vrar\u00eb gjat\u00eb luft\u00ebs kund\u00ebr Rusis\u00eb, tha m\u00eb 22 gusht shefi i forcave t\u00eb armatosura t\u00eb Ukrain\u00ebs.<\/p>\n<p>Shifra e prezantuar nga gjenerali Valeriy Zaluzhnyi, duket se \u00ebsht\u00eb shifra e par\u00eb e ofruar nga nj\u00eb zyrtar i lart ushtarak ukrainas p\u00ebr humbjet n\u00eb luft\u00eb, q\u00ebkur Rusia nisi pushtimin e Ukrain\u00ebs m\u00eb 24 shkurt.<\/p>\n<p>Zaluzhnyi, komandant i forcave t\u00eb armatosura ukrainase gjat\u00eb nj\u00eb konference p\u00ebr media n\u00eb nderim t\u00eb veteran\u00ebve dhe familjeve t\u00eb ushtar\u00ebve t\u00eb vrar\u00eb, tha se f\u00ebmij\u00ebt duhet t\u00eb mbrohen n\u00eb disa pjes\u00eb t\u00eb shtetit, p\u00ebrfshir\u00eb n\u00eb kryeqytet, Kiev.<\/p>\n<p>\u201cAta nuk e kuptojn\u00eb se \u00e7far\u00eb po ndodh dhe duhet t\u2019i mbrojm\u00eb\u2026 sepse baballar\u00ebt e tyre kan\u00eb shkuar n\u00eb fronte t\u00eb luft\u00ebs dhe ndoshta jan\u00eb n\u00eb mesin e pothuajse 9.000 heronjve q\u00eb jan\u00eb vrar\u00eb\u201d, tha ai.<\/p>\n<p>Zaluzhnyi nuk dha detaje t\u00eb tjera p\u00ebr shifr\u00ebn e ofruar t\u00eb ushtar\u00ebve t\u00eb vrar\u00eb, por ai tha se aty p\u00ebrfshihen pjes\u00ebtar\u00ebt e personelit ushtarak t\u00eb vrar\u00eb n\u00eb luftime, sikurse edhe rojet kufitare.<\/p>\n<p>Presidenti ukrainas, Volodymyr Zelensky, gjat\u00eb konferenc\u00ebs tha se rreth 1 milion persona po mbrojn\u00eb Ukrain\u00ebn si pjes\u00eb e forcave t\u00eb armatosura dhe sh\u00ebrbimeve t\u00eb tjera ukrainase.<\/p>\n<p>Gjenerali Zaluzhnyi nuk tregoi se sa civil\u00eb jan\u00eb vrar\u00eb apo sa ushtar\u00eb rus\u00eb, sipas Kievit, jan\u00eb vrar\u00eb n\u00eb luftime. Por, Shtabi i P\u00ebrgjithsh\u00ebm i forcave t\u00eb armatosura ukrainase ka th\u00ebn\u00eb se deri m\u00eb tani jan\u00eb vrar\u00eb 45.400 rus\u00eb. N\u00eb an\u00ebn tjet\u00ebr, Rusia nuk ka treguar sesa ushtar\u00eb t\u00eb saj jan\u00eb vrar\u00eb n\u00eb fush\u00ebbetejat n\u00eb Ukrain\u00eb.<\/p>\n<p>Shifrat e ofruara nga Ukraina p\u00ebr humbjet e Rusis\u00eb nuk kan\u00eb mundur t\u00eb verifikohen n\u00eb m\u00ebnyr\u00eb t\u00eb pavarur. \/REL<\/p>\n","protected":false},"excerpt":{"rendered":"<p>Pothuajse 9.000 pjes\u00ebtar\u00eb t\u00eb ushtris\u00eb ukrainase jan\u00eb vrar\u00eb gjat\u00eb luft\u00ebs kund\u00ebr Rusis\u00eb, tha m\u00eb 22 gusht shefi i forcave t\u00eb armatosura t\u00eb Ukrain\u00ebs. Shifra e prezantuar nga gjenerali Valeriy Zaluzhnyi, duket se \u00ebsht\u00eb shifra e par\u00eb e ofruar nga nj\u00eb zyrtar i lart ushtarak ukrainas p\u00ebr humbjet n\u00eb luft\u00eb, q\u00ebkur Rusia nisi pushtimin e Ukrain\u00ebs [&hellip;]<\/p>\n","protected":false},"author":2020,"featured_media":279297,"comment_status":"closed","ping_status":"closed","sticky":false,"template":"","format":"standard","meta":{"footnotes":""},"categories":[241,231],"tags":[],"class_list":{"0":"post-279296","1":"post","2":"type-post","3":"status-publish","4":"format-standard","5":"has-post-thumbnail","7":"category-aktualitet","8":"category-lajme"},"_links":{"self":[{"href":"https:\/\/zjarr.tv\/sq\/wp-json\/wp\/v2\/posts\/279296","targetHints":{"allow":["GET"]}}],"collection":[{"href":"https:\/\/zjarr.tv\/sq\/wp-json\/wp\/v2\/posts"}],"about":[{"href":"https:\/\/zjarr.tv\/sq\/wp-json\/wp\/v2\/types\/post"}],"author":[{"embeddable":true,"href":"https:\/\/zjarr.tv\/sq\/wp-json\/wp\/v2\/users\/2020"}],"replies":[{"embeddable":true,"href":"https:\/\/zjarr.tv\/sq\/wp-json\/wp\/v2\/comments?post=279296"}],"version-history":[{"count":0,"href":"https:\/\/zjarr.tv\/sq\/wp-json\/wp\/v2\/posts\/279296\/revisions"}],"wp:featuredmedia":[{"embeddable":true,"href":"https:\/\/zjarr.tv\/sq\/wp-json\/wp\/v2\/media\/279297"}],"wp:attachment":[{"href":"https:\/\/zjarr.tv\/sq\/wp-json\/wp\/v2\/media?parent=279296"}],"wp:term":[{"taxonomy":"category","embeddable":true,"href":"https:\/\/zjarr.tv\/sq\/wp-json\/wp\/v2\/categories?post=279296"},{"taxonomy":"post_tag","embeddable":true,"href":"https:\/\/zjarr.tv\/sq\/wp-json\/wp\/v2\/tags?post=279296"}],"curies":[{"name":"wp","href":"https:\/\/api.w.org\/{rel}","templated":true}]}}