{"id":279304,"date":"2022-08-22T15:56:56","date_gmt":"2022-08-22T13:56:56","guid":{"rendered":"https:\/\/zjarr.tv\/?p=279304"},"modified":"2022-08-22T15:56:56","modified_gmt":"2022-08-22T13:56:56","slug":"267-punonjes-kane-rene-ne-detyre-qindra-jane-plagosur-fishta-policia-sot-ka-probleme-qe-nga-pagat-e-deri-te-kushtet-e-punes","status":"publish","type":"post","link":"https:\/\/zjarr.tv\/sq\/267-punonjes-kane-rene-ne-detyre-qindra-jane-plagosur-fishta-policia-sot-ka-probleme-qe-nga-pagat-e-deri-te-kushtet-e-punes\/","title":{"rendered":"\u201c267 punonj\u00ebs kan\u00eb r\u00ebn\u00eb n\u00eb detyr\u00eb, qindra jan\u00eb plagosur\u201d\/ Fishta: Policia sot ka probleme, q\u00eb nga pagat e deri te kushtet e pun\u00ebs\u2026"},"content":{"rendered":"<p>I ftuar n\u00eb studion e \u201cFax News\u201d, kreu i Sindikat\u00ebs s\u00eb Policis\u00eb, Sadedin Fishta tha se jan\u00eb nj\u00eb s\u00ebr\u00eb problematikash aktualisht n\u00eb radh\u00ebt e policis\u00eb, si nj\u00eb profesion me risk t\u00eb lart\u00eb.<\/p>\n<p>Fishta u shpreh se \u00ebsht\u00eb e nevojshme t\u00eb rishikohen pagat e punonj\u00ebsve t\u00eb policis\u00eb ashtu si dhe kushtet e pun\u00ebs. Ai tha nd\u00ebr t\u00eb tjera se sindikata n\u00eb bashk\u00ebpunim me drejtorin\u00eb e P\u00ebrgjithshme t\u00eb policis\u00eb ka nxjerr\u00eb nj\u00eb kontrat\u00eb kolektive q\u00eb sh\u00ebrben p\u00ebr mbrojtjen e interesave t\u00eb efektiv\u00ebve.<\/p>\n<p><em style=\"font-weight: inherit;\">\u201cPolicia si pjes\u00eb e administrat\u00ebs publike ka problemet e veta, si sociale e profesionale por kryesisht ka nevoj\u00eb p\u00ebr t\u00eb ripar\u00eb pozicionin e saj me pagesat. <\/em><em style=\"font-weight: inherit;\">Profesion i v\u00ebshtir\u00eb, rrisku shtohet \u00e7do dit\u00eb e m\u00eb tep\u00ebr. Mbi 267 punonj\u00ebs policie q\u00eb kan\u00eb r\u00ebn\u00eb n\u00eb detyr\u00eb.<\/em><\/p>\n<p><em style=\"font-weight: inherit;\">Jan\u00eb qindra t\u00eb tjer\u00eb t\u00eb plagosur, duke ditur se \u00e7far\u00eb i privohet me p\u00ebrfitimet apo t\u00eb drejtat q\u00eb ka nj\u00eb punonj\u00ebs tjet\u00ebr, q\u00eb nga mbajtja e uniform\u00ebs, p\u00ebrdorimi i arm\u00ebs, dhe kur jasht\u00eb orarit t\u00eb pun\u00ebs t\u00eb paraqitet, edhe kushtet e pun\u00ebs kur nj\u00eb pjes\u00eb e mir\u00eb vijn\u00eb nga distanca t\u00eb larg\u00ebta.<\/em><\/p>\n<p><em style=\"font-weight: inherit;\">Puna me 10 apo 12 or\u00eb sidomos n\u00eb periudh\u00ebn e sezonit turistik kur ngarkesa \u00ebsht\u00eb e madhe.<\/em><\/p>\n<p><em style=\"font-weight: inherit;\">Sindikata \u00ebsht\u00eb pal\u00eb e tret\u00eb p\u00ebr t\u00eb gjith\u00eb punonj\u00ebsit, mbrojm\u00eb gjithmon\u00eb interesat e tyre.Nj\u00eb pjes\u00eb e mir\u00eb e policis\u00eb po plaket, kemi mosh\u00ebn mesatare 48 vje\u00e7<\/em><br \/>\n<em style=\"font-weight: inherit;\">Nj\u00eb nd\u00ebr sukseset e sindikat\u00ebs dhe nga vler\u00ebsimet e drejtoris\u00eb s\u00eb p\u00ebrgjitshme nxor\u00ebm nj\u00eb kontrat\u00eb kolektive q\u00eb \u00ebsht\u00eb p\u00ebrmbledhje e akteve ligjore q\u00eb rregullojn\u00eb marr\u00ebdh\u00ebnien mes pun\u00ebdh\u00ebn\u00ebsit dhe pun\u00ebmarr\u00ebsit n\u00eb organizat\u00ebn e policis\u00eb, q\u00eb me 20 korrik ka hyr\u00eb n\u00eb fuqi.<\/em><\/p>\n<p><em style=\"font-weight: inherit;\">N\u00eb rast se rroga nuk jepet n\u00eb afat, nga kontrata ka nj\u00eb p\u00ebrqindje q\u00eb i shtohet rrog\u00ebs nga kjo kontrat\u00eb. Sot sindikata \u00ebsht\u00eb partner me drejtorin\u00eb e p\u00ebrgjithshme p\u00ebr t\u00eb zgjidhur t\u00eb gjitha problemet, p\u00ebr t\u00eb marr\u00eb t\u00eb gjitha p\u00ebrfititmet p\u00ebr punonj\u00ebsit\u201d<\/em>-tha Fishta.<\/p>\n","protected":false},"excerpt":{"rendered":"<p>I ftuar n\u00eb studion e \u201cFax News\u201d, kreu i Sindikat\u00ebs s\u00eb Policis\u00eb, Sadedin Fishta tha se jan\u00eb nj\u00eb s\u00ebr\u00eb problematikash aktualisht n\u00eb radh\u00ebt e policis\u00eb, si nj\u00eb profesion me risk t\u00eb lart\u00eb. Fishta u shpreh se \u00ebsht\u00eb e nevojshme t\u00eb rishikohen pagat e punonj\u00ebsve t\u00eb policis\u00eb ashtu si dhe kushtet e pun\u00ebs. Ai tha nd\u00ebr [&hellip;]<\/p>\n","protected":false},"author":2037,"featured_media":279307,"comment_status":"closed","ping_status":"closed","sticky":false,"template":"","format":"standard","meta":{"footnotes":""},"categories":[241,364,231],"tags":[],"class_list":{"0":"post-279304","1":"post","2":"type-post","3":"status-publish","4":"format-standard","5":"has-post-thumbnail","7":"category-aktualitet","8":"category-koment-opinion","9":"category-lajme"},"_links":{"self":[{"href":"https:\/\/zjarr.tv\/sq\/wp-json\/wp\/v2\/posts\/279304","targetHints":{"allow":["GET"]}}],"collection":[{"href":"https:\/\/zjarr.tv\/sq\/wp-json\/wp\/v2\/posts"}],"about":[{"href":"https:\/\/zjarr.tv\/sq\/wp-json\/wp\/v2\/types\/post"}],"author":[{"embeddable":true,"href":"https:\/\/zjarr.tv\/sq\/wp-json\/wp\/v2\/users\/2037"}],"replies":[{"embeddable":true,"href":"https:\/\/zjarr.tv\/sq\/wp-json\/wp\/v2\/comments?post=279304"}],"version-history":[{"count":0,"href":"https:\/\/zjarr.tv\/sq\/wp-json\/wp\/v2\/posts\/279304\/revisions"}],"wp:featuredmedia":[{"embeddable":true,"href":"https:\/\/zjarr.tv\/sq\/wp-json\/wp\/v2\/media\/279307"}],"wp:attachment":[{"href":"https:\/\/zjarr.tv\/sq\/wp-json\/wp\/v2\/media?parent=279304"}],"wp:term":[{"taxonomy":"category","embeddable":true,"href":"https:\/\/zjarr.tv\/sq\/wp-json\/wp\/v2\/categories?post=279304"},{"taxonomy":"post_tag","embeddable":true,"href":"https:\/\/zjarr.tv\/sq\/wp-json\/wp\/v2\/tags?post=279304"}],"curies":[{"name":"wp","href":"https:\/\/api.w.org\/{rel}","templated":true}]}}