{"id":279315,"date":"2022-08-22T16:14:22","date_gmt":"2022-08-22T14:14:22","guid":{"rendered":"https:\/\/zjarr.tv\/?p=279315"},"modified":"2022-08-22T16:17:11","modified_gmt":"2022-08-22T14:17:11","slug":"vajza-e-majlinda-bregut-poza-seksi-nga-plazhi-bukuroshja-shfaqet-ne-super-forme-gjate-pushimeve-panoramaplus-al-vajza-e-ish-ministres-dhe-ish-deputetes-majlinda-bregu-kejda-eshte-mjaft-e-ndjekur-n","status":"publish","type":"post","link":"https:\/\/zjarr.tv\/sq\/vajza-e-majlinda-bregut-poza-seksi-nga-plazhi-bukuroshja-shfaqet-ne-super-forme-gjate-pushimeve-panoramaplus-al-vajza-e-ish-ministres-dhe-ish-deputetes-majlinda-bregu-kejda-eshte-mjaft-e-ndjekur-n\/","title":{"rendered":"Vajza e Majlinda Bregut poza seksi nga plazhi, bukuroshja shfaqet n\u00eb super form\u00eb gjat\u00eb pushimeve"},"content":{"rendered":"<p>Vajza e ish-ministres dhe ish-deputetes Majlinda Bregu, Kejda, \u00ebsht\u00eb mjaft e ndjekur n\u00eb rrjetet sociale, jo vet\u00ebm p\u00ebr shkak t\u00eb s\u00eb \u00ebm\u00ebs, por sepse \u00ebsht\u00eb nj\u00eb vajz\u00eb shum\u00eb e bukur.<\/p>\n<p>Kejda \u00ebsht\u00eb nj\u00eb vajz\u00eb me forma truprore p\u00ebr t\u2019u pasur zili dhe n\u00ebse do t\u00eb hidhni nj\u00eb sy n\u00eb profilin e saj n\u00eb Instagram, ai \u00ebsht\u00eb i mbushur me foto me bikini, ku v\u00eb n\u00eb pah format e saj trupore.<\/p>\n<p>Nga postimet n\u00eb Instagram, duket se bukuroshja ka filluar pushimet. Ajo ka publikuar nj\u00eb foto me rrobabanjo, ku ngjan v\u00ebrtet shum\u00eb seksi.<\/p>\n<p>N\u00eb nj\u00eb intervist\u00eb ish-deputetja ka treguar se Kejda nuk synon aspak pasarelat, megjith\u00ebse pamja e saj \u00ebsht\u00eb premtuese p\u00ebr k\u00ebt\u00eb fush\u00eb. Ajo q\u00eb bie n\u00eb sy jan\u00eb veshjet e saj firmato dhe tendencat m\u00eb t\u00eb fundit t\u00eb mod\u00ebs.<\/p>\n<p>Vet Kejda \u00ebsht\u00eb treguar e hapur me ndjek\u00ebsit n\u00eb Instagram, teksa iu \u00ebsht\u00eb p\u00ebrgjigjur shpesh pyetjeve t\u00eb tyre ngacmuese. Koh\u00eb m\u00eb par\u00eb kur\u00a0prej komentueseve e pyetise \u00e7far\u00eb ka b\u00ebr\u00eb n\u00eb jet\u00eb p\u00ebrve\u00e7 fotove q\u00eb poston n\u00eb rrjetet sociale, jo me pak ironi Kejda shprehej se ka jetuar.<\/p>\n<p>\u201cKam qesh, kam qar\u00eb, kam b\u00ebr\u00eb shoq\u00ebri, ka udh\u00ebtuar, kam ngr\u00ebn\u00eb f\u00ebrges\u00ebn e non\u00ebs, kam fjet gjum\u00eb, dhe dikur mes k\u00ebtyre kam shkrep dhe ndonj\u00eb foto\u201d,\u00a0shkruante Kejda n\u00eb p\u00ebrgjigjen e saj.<\/p>\n<p>Nd\u00ebrkoh\u00eb q\u00eb nj\u00eb tjet\u00ebr ndjek\u00ebs e ka ngacmuar at\u00eb se sa e m\u00ebrzitshme \u00ebsht\u00eb q\u00eb n\u00eb jet\u00eb ti kesh t\u00eb gjitha gati, teksa Kejda p\u00ebrgjigjet se ajo nuk e ka aq n\u00eb terezi sa duket, pasi nga shkolla te jeta e p\u00ebrditshme, gjith\u00e7ka e b\u00ebn vet\u00eb.<\/p>\n<p>\u201d\u00c7a kam gati psh? Se un\u00eb m\u00ebngjesin kur zgjohem e b\u00ebj gati vet\u00eb, shkoll\u00ebn se kam gati, do e marr vet\u00eb. Ndonj\u00eb biznes nga familja nuk di q\u00eb ta kem dhe pun\u00ebn nes\u00ebr gati, k\u00ebshtu q\u00eb ky term \u00ebsht\u00eb i gabuar\u201d,\u00a0shkruante ajo.<\/p>\n","protected":false},"excerpt":{"rendered":"<p>Vajza e ish-ministres dhe ish-deputetes Majlinda Bregu, Kejda, \u00ebsht\u00eb mjaft e ndjekur n\u00eb rrjetet sociale, jo vet\u00ebm p\u00ebr shkak t\u00eb s\u00eb \u00ebm\u00ebs, por sepse \u00ebsht\u00eb nj\u00eb vajz\u00eb shum\u00eb e bukur. Kejda \u00ebsht\u00eb nj\u00eb vajz\u00eb me forma truprore p\u00ebr t\u2019u pasur zili dhe n\u00ebse do t\u00eb hidhni nj\u00eb sy n\u00eb profilin e saj n\u00eb Instagram, ai [&hellip;]<\/p>\n","protected":false},"author":2020,"featured_media":279316,"comment_status":"closed","ping_status":"closed","sticky":false,"template":"","format":"standard","meta":{"footnotes":""},"categories":[241,231,193],"tags":[],"class_list":{"0":"post-279315","1":"post","2":"type-post","3":"status-publish","4":"format-standard","5":"has-post-thumbnail","7":"category-aktualitet","8":"category-lajme","9":"category-showbiz"},"_links":{"self":[{"href":"https:\/\/zjarr.tv\/sq\/wp-json\/wp\/v2\/posts\/279315","targetHints":{"allow":["GET"]}}],"collection":[{"href":"https:\/\/zjarr.tv\/sq\/wp-json\/wp\/v2\/posts"}],"about":[{"href":"https:\/\/zjarr.tv\/sq\/wp-json\/wp\/v2\/types\/post"}],"author":[{"embeddable":true,"href":"https:\/\/zjarr.tv\/sq\/wp-json\/wp\/v2\/users\/2020"}],"replies":[{"embeddable":true,"href":"https:\/\/zjarr.tv\/sq\/wp-json\/wp\/v2\/comments?post=279315"}],"version-history":[{"count":0,"href":"https:\/\/zjarr.tv\/sq\/wp-json\/wp\/v2\/posts\/279315\/revisions"}],"wp:featuredmedia":[{"embeddable":true,"href":"https:\/\/zjarr.tv\/sq\/wp-json\/wp\/v2\/media\/279316"}],"wp:attachment":[{"href":"https:\/\/zjarr.tv\/sq\/wp-json\/wp\/v2\/media?parent=279315"}],"wp:term":[{"taxonomy":"category","embeddable":true,"href":"https:\/\/zjarr.tv\/sq\/wp-json\/wp\/v2\/categories?post=279315"},{"taxonomy":"post_tag","embeddable":true,"href":"https:\/\/zjarr.tv\/sq\/wp-json\/wp\/v2\/tags?post=279315"}],"curies":[{"name":"wp","href":"https:\/\/api.w.org\/{rel}","templated":true}]}}