{"id":279903,"date":"2022-08-25T14:59:28","date_gmt":"2022-08-25T12:59:28","guid":{"rendered":"https:\/\/zjarr.tv\/?p=279903"},"modified":"2022-08-25T15:00:28","modified_gmt":"2022-08-25T13:00:28","slug":"impianti-i-perpunimit-te-ujerave-te-ndotura-ne-divjake-balla-nje-domosdoshmeri-per-komunitetin-dhe-mbrojtjen-e-mjedisit","status":"publish","type":"post","link":"https:\/\/zjarr.tv\/sq\/impianti-i-perpunimit-te-ujerave-te-ndotura-ne-divjake-balla-nje-domosdoshmeri-per-komunitetin-dhe-mbrojtjen-e-mjedisit\/","title":{"rendered":"Impianti i p\u00ebrpunimit t\u00eb uj\u00ebrave t\u00eb ndotura n\u00eb Divjak\u00eb, Balla: Nj\u00eb domosdoshm\u00ebri p\u00ebr komunitetin dhe mbrojtjen e mjedisit"},"content":{"rendered":"<p>Kreu i grupit parlamentar t\u00eb PS-s\u00eb Taulant Balla ka publikuar foto nga kantieri i impiantit t\u00eb p\u00ebrpunimit t\u00eb uj\u00ebrave t\u00eb ndotura n\u00eb Divjak\u00eb.<\/p>\n<p>Balla shkruan se \u00ebsht\u00eb nj\u00eb domosdoshm\u00ebri p\u00ebr komunitetin si dhe mbrojtjen e mjedisit n\u00eb zonat turistike.<\/p>\n<p><em>&#8220;Ky \u00ebsht\u00eb kantieri i transformimit urban e mjedisor n\u00eb Divjak\u00eb, ku po punohet intensivisht p\u00ebr impiantin e p\u00ebrpunimit t\u00eb uj\u00ebrave t\u00eb ndotura, nj\u00eb domosdoshm\u00ebri p\u00ebr komunitetin si dhe mbrojtjen e mjedisit n\u00eb zonat turistike.<\/em><\/p>\n<p><em>#T\u00ebBashkuarJoT\u00ebNdar\u00eb<\/em><br \/>\n<em>#Shqip\u00ebriaEArdhmjaJon\u00eb\u2600\ufe0f<\/em><br \/>\n<em>#SkaKoh\u00ebP\u00ebrPushim\ud83c\udfc3\ud83c\udfc3\u200d\u2640\ufe0f\u201d, <\/em>shkruan Balla.<\/p>\n<p><img loading=\"lazy\" decoding=\"async\" class=\"alignnone size-medium wp-image-279904\" src=\"https:\/\/zjarr.tv\/wp-content\/uploads\/2022\/08\/balla-215x300.png\" alt=\"\" width=\"215\" height=\"300\" srcset=\"https:\/\/zjarr.tv\/wp-content\/uploads\/2022\/08\/balla-215x300.png 215w, https:\/\/zjarr.tv\/wp-content\/uploads\/2022\/08\/balla-301x420.png 301w, https:\/\/zjarr.tv\/wp-content\/uploads\/2022\/08\/balla.png 490w\" sizes=\"auto, (max-width: 215px) 100vw, 215px\" \/><\/p>\n","protected":false},"excerpt":{"rendered":"<p>Kreu i grupit parlamentar t\u00eb PS-s\u00eb Taulant Balla ka publikuar foto nga kantieri i impiantit t\u00eb p\u00ebrpunimit t\u00eb uj\u00ebrave t\u00eb ndotura n\u00eb Divjak\u00eb. Balla shkruan se \u00ebsht\u00eb nj\u00eb domosdoshm\u00ebri p\u00ebr komunitetin si dhe mbrojtjen e mjedisit n\u00eb zonat turistike. &#8220;Ky \u00ebsht\u00eb kantieri i transformimit urban e mjedisor n\u00eb Divjak\u00eb, ku po punohet intensivisht p\u00ebr impiantin [&hellip;]<\/p>\n","protected":false},"author":2037,"featured_media":279907,"comment_status":"closed","ping_status":"closed","sticky":false,"template":"","format":"standard","meta":{"footnotes":""},"categories":[241,364,231],"tags":[],"class_list":{"0":"post-279903","1":"post","2":"type-post","3":"status-publish","4":"format-standard","5":"has-post-thumbnail","7":"category-aktualitet","8":"category-koment-opinion","9":"category-lajme"},"_links":{"self":[{"href":"https:\/\/zjarr.tv\/sq\/wp-json\/wp\/v2\/posts\/279903","targetHints":{"allow":["GET"]}}],"collection":[{"href":"https:\/\/zjarr.tv\/sq\/wp-json\/wp\/v2\/posts"}],"about":[{"href":"https:\/\/zjarr.tv\/sq\/wp-json\/wp\/v2\/types\/post"}],"author":[{"embeddable":true,"href":"https:\/\/zjarr.tv\/sq\/wp-json\/wp\/v2\/users\/2037"}],"replies":[{"embeddable":true,"href":"https:\/\/zjarr.tv\/sq\/wp-json\/wp\/v2\/comments?post=279903"}],"version-history":[{"count":0,"href":"https:\/\/zjarr.tv\/sq\/wp-json\/wp\/v2\/posts\/279903\/revisions"}],"wp:featuredmedia":[{"embeddable":true,"href":"https:\/\/zjarr.tv\/sq\/wp-json\/wp\/v2\/media\/279907"}],"wp:attachment":[{"href":"https:\/\/zjarr.tv\/sq\/wp-json\/wp\/v2\/media?parent=279903"}],"wp:term":[{"taxonomy":"category","embeddable":true,"href":"https:\/\/zjarr.tv\/sq\/wp-json\/wp\/v2\/categories?post=279903"},{"taxonomy":"post_tag","embeddable":true,"href":"https:\/\/zjarr.tv\/sq\/wp-json\/wp\/v2\/tags?post=279903"}],"curies":[{"name":"wp","href":"https:\/\/api.w.org\/{rel}","templated":true}]}}