{"id":280490,"date":"2022-08-29T14:17:21","date_gmt":"2022-08-29T12:17:21","guid":{"rendered":"https:\/\/zjarr.tv\/?p=280490"},"modified":"2022-08-29T14:17:21","modified_gmt":"2022-08-29T12:17:21","slug":"kush-eshte-hajduti-serial-i-arrestuar-ne-sarande-krahas-vjedhjes-i-apasionuar-dhe-pas-stervitjes","status":"publish","type":"post","link":"https:\/\/zjarr.tv\/sq\/kush-eshte-hajduti-serial-i-arrestuar-ne-sarande-krahas-vjedhjes-i-apasionuar-dhe-pas-stervitjes\/","title":{"rendered":"Kush \u00ebsht\u00eb hajduti serial i arrestuar n\u00eb Sarand\u00eb, krahas vjedhjes i apasionuar dhe pas st\u00ebrvitjes"},"content":{"rendered":"<p>Personi q\u00eb shihni n\u00eb foton e m\u00ebposhtme \u00ebsht\u00eb Ben Sula, hajduti serial 45-vje\u00e7ar, i cili \u00ebsht\u00eb autor i dyshuar i disa vjedhjeve n\u00eb qytetin bregdetar t\u00eb Sarand\u00ebs. Sula ishte kthyer n\u00eb tmerrin e pushuesve, duke kryer rreth 19 vjedhje t\u00eb sendeve me vler\u00eb dhe parave n\u00eb ambientet ku q\u00ebndronin pushuesit.<\/p>\n<p>Policia thot\u00eb se 45-vje\u00e7ari i ndaluar, ka qen\u00eb i d\u00ebnuar m\u00eb par\u00eb n\u00eb Itali dhe n\u00eb Greqi, p\u00ebr t\u00eb nj\u00ebjt\u00ebn veprimtari kriminale.<\/p>\n<p><em>\u201cNga t\u00ebr\u00ebsia e veprimeve hetimore dyshohet se 45-vje\u00e7ari ka vjedhur n\u00eb dhoma hotelesh dhe n\u00eb banesa t\u00eb ndryshme, n\u00eb t\u00eb cilat q\u00ebndronin kryesisht pushues, bizhuteri t\u00eb ndryshme, aparate celulare, si dhe rreth 500 000 lek\u00eb, 11 000 euro dhe 1 000 dollar\u00eb.<\/em><\/p>\n<p><em>Gjat\u00eb kontrollit fizik ndaj shtetasit B. S., sh\u00ebrbimet e Policis\u00eb gjet\u00ebn dhe sekuestruan, n\u00eb cil\u00ebsin\u00eb e prov\u00ebs materiale, sende q\u00eb dyshohet se do t\u00eb p\u00ebrdoreshin p\u00ebr kryerjen e vjedhjeve t\u00eb tjera, si dhe shuma parash n\u00eb euro dhe lek\u00eb, t\u00eb dyshuara t\u00eb vjedhura\u201d , thuhet n\u00eb njoftimin e policis\u00eb.<\/em><\/p>\n<p>Nga nj\u00eb v\u00ebshtrim n\u00eb rrjetin social facebook, shihet se 45-vje\u00e7ari krahas \u201cpasionit\u201d p\u00ebr vjedhjen ka dhe nj\u00eb pasion tjet\u00ebr n\u00eb lidhje me ecjet n\u00eb natyr\u00eb.<\/p>\n<p>Ai i p\u00ebrgjigjet nj\u00eb komentuesi se sot ka b\u00ebr\u00eb rreth 30 kilometra p\u00ebr 3-or\u00eb e 15 minuta, duke kaluar male dhe kodra pa pushim.<\/p>\n","protected":false},"excerpt":{"rendered":"<p>Personi q\u00eb shihni n\u00eb foton e m\u00ebposhtme \u00ebsht\u00eb Ben Sula, hajduti serial 45-vje\u00e7ar, i cili \u00ebsht\u00eb autor i dyshuar i disa vjedhjeve n\u00eb qytetin bregdetar t\u00eb Sarand\u00ebs. Sula ishte kthyer n\u00eb tmerrin e pushuesve, duke kryer rreth 19 vjedhje t\u00eb sendeve me vler\u00eb dhe parave n\u00eb ambientet ku q\u00ebndronin pushuesit. Policia thot\u00eb se 45-vje\u00e7ari i [&hellip;]<\/p>\n","protected":false},"author":2037,"featured_media":280492,"comment_status":"closed","ping_status":"closed","sticky":false,"template":"","format":"standard","meta":{"footnotes":""},"categories":[241,231],"tags":[],"class_list":{"0":"post-280490","1":"post","2":"type-post","3":"status-publish","4":"format-standard","5":"has-post-thumbnail","7":"category-aktualitet","8":"category-lajme"},"_links":{"self":[{"href":"https:\/\/zjarr.tv\/sq\/wp-json\/wp\/v2\/posts\/280490","targetHints":{"allow":["GET"]}}],"collection":[{"href":"https:\/\/zjarr.tv\/sq\/wp-json\/wp\/v2\/posts"}],"about":[{"href":"https:\/\/zjarr.tv\/sq\/wp-json\/wp\/v2\/types\/post"}],"author":[{"embeddable":true,"href":"https:\/\/zjarr.tv\/sq\/wp-json\/wp\/v2\/users\/2037"}],"replies":[{"embeddable":true,"href":"https:\/\/zjarr.tv\/sq\/wp-json\/wp\/v2\/comments?post=280490"}],"version-history":[{"count":0,"href":"https:\/\/zjarr.tv\/sq\/wp-json\/wp\/v2\/posts\/280490\/revisions"}],"wp:featuredmedia":[{"embeddable":true,"href":"https:\/\/zjarr.tv\/sq\/wp-json\/wp\/v2\/media\/280492"}],"wp:attachment":[{"href":"https:\/\/zjarr.tv\/sq\/wp-json\/wp\/v2\/media?parent=280490"}],"wp:term":[{"taxonomy":"category","embeddable":true,"href":"https:\/\/zjarr.tv\/sq\/wp-json\/wp\/v2\/categories?post=280490"},{"taxonomy":"post_tag","embeddable":true,"href":"https:\/\/zjarr.tv\/sq\/wp-json\/wp\/v2\/tags?post=280490"}],"curies":[{"name":"wp","href":"https:\/\/api.w.org\/{rel}","templated":true}]}}