{"id":280664,"date":"2022-08-30T13:05:12","date_gmt":"2022-08-30T11:05:12","guid":{"rendered":"https:\/\/zjarr.tv\/?p=280664"},"modified":"2022-08-30T13:05:12","modified_gmt":"2022-08-30T11:05:12","slug":"zyrtari-ukrainas-ngre-alarmin-ruset-po-i-rrembejne-mesuesit","status":"publish","type":"post","link":"https:\/\/zjarr.tv\/sq\/zyrtari-ukrainas-ngre-alarmin-ruset-po-i-rrembejne-mesuesit\/","title":{"rendered":"Zyrtari ukrainas ngre alarmin: Rus\u00ebt po i rr\u00ebmbejn\u00eb m\u00ebsuesit"},"content":{"rendered":"<p>N\u00eb qytetin Energodar, i pushtuar nga rus\u00ebt, q\u00eb ndodhet n\u00eb rajonin e Zaporizhzhias, punonj\u00ebsit e arsimit po ndihen t\u00eb frik\u00ebsuar.<\/p>\n<p>Disa prej m\u00ebsimdh\u00ebn\u00ebsve ukrainas jan\u00eb rr\u00ebmbyer e d\u00ebrguar n\u00eb drejtime t\u00eb panjohura, deklaroi kreu i bashkis\u00eb, Dmytro Orlov.<\/p>\n<p>\u201cSot i kan\u00eb marr\u00eb disa m\u00ebsues nga sht\u00ebpit\u00eb e tyre dhe i kan\u00eb \u00e7uar n\u00eb drejtim t\u00eb panjohur\u201d, deklaroi Orlov, nd\u00ebrsa u b\u00ebri thirrje punonj\u00ebsve te arsimit q\u00eb t\u00eb jen\u00eb t\u00eb kujdessh\u00ebm.<\/p>\n<p>Ai k\u00ebrkoi q\u00eb sipas mund\u00ebsis\u00eb, m\u00ebsimdh\u00ebn\u00ebsit t\u00eb l\u00ebvizin vet\u00ebm n\u00eb territore q\u00eb udh\u00ebhiqen nga ukrainasit.<\/p>\n<p>Orlov theksoi se terrori n\u00eb Energodar, ku pran\u00eb gjendet termocentrali b\u00ebrthamor m\u00eb i madhi n\u00eb Evrop\u00eb, nuk po ndalet, por po merr forma t\u00eb reja.<\/p>\n<div class=\"td_block_template_1 awac-wrapper\">\n<div class=\"td_block_template_1 awac widget block-28\">\n<p>&nbsp;<\/p>\n<\/div>\n<\/div>\n","protected":false},"excerpt":{"rendered":"<p>N\u00eb qytetin Energodar, i pushtuar nga rus\u00ebt, q\u00eb ndodhet n\u00eb rajonin e Zaporizhzhias, punonj\u00ebsit e arsimit po ndihen t\u00eb frik\u00ebsuar. Disa prej m\u00ebsimdh\u00ebn\u00ebsve ukrainas jan\u00eb rr\u00ebmbyer e d\u00ebrguar n\u00eb drejtime t\u00eb panjohura, deklaroi kreu i bashkis\u00eb, Dmytro Orlov. \u201cSot i kan\u00eb marr\u00eb disa m\u00ebsues nga sht\u00ebpit\u00eb e tyre dhe i kan\u00eb \u00e7uar n\u00eb drejtim t\u00eb [&hellip;]<\/p>\n","protected":false},"author":2020,"featured_media":146476,"comment_status":"closed","ping_status":"closed","sticky":false,"template":"","format":"standard","meta":{"footnotes":""},"categories":[191,231],"tags":[],"class_list":{"0":"post-280664","1":"post","2":"type-post","3":"status-publish","4":"format-standard","5":"has-post-thumbnail","7":"category-bota","8":"category-lajme"},"_links":{"self":[{"href":"https:\/\/zjarr.tv\/sq\/wp-json\/wp\/v2\/posts\/280664","targetHints":{"allow":["GET"]}}],"collection":[{"href":"https:\/\/zjarr.tv\/sq\/wp-json\/wp\/v2\/posts"}],"about":[{"href":"https:\/\/zjarr.tv\/sq\/wp-json\/wp\/v2\/types\/post"}],"author":[{"embeddable":true,"href":"https:\/\/zjarr.tv\/sq\/wp-json\/wp\/v2\/users\/2020"}],"replies":[{"embeddable":true,"href":"https:\/\/zjarr.tv\/sq\/wp-json\/wp\/v2\/comments?post=280664"}],"version-history":[{"count":0,"href":"https:\/\/zjarr.tv\/sq\/wp-json\/wp\/v2\/posts\/280664\/revisions"}],"wp:featuredmedia":[{"embeddable":true,"href":"https:\/\/zjarr.tv\/sq\/wp-json\/wp\/v2\/media\/146476"}],"wp:attachment":[{"href":"https:\/\/zjarr.tv\/sq\/wp-json\/wp\/v2\/media?parent=280664"}],"wp:term":[{"taxonomy":"category","embeddable":true,"href":"https:\/\/zjarr.tv\/sq\/wp-json\/wp\/v2\/categories?post=280664"},{"taxonomy":"post_tag","embeddable":true,"href":"https:\/\/zjarr.tv\/sq\/wp-json\/wp\/v2\/tags?post=280664"}],"curies":[{"name":"wp","href":"https:\/\/api.w.org\/{rel}","templated":true}]}}