{"id":281175,"date":"2022-09-02T12:01:54","date_gmt":"2022-09-02T10:01:54","guid":{"rendered":"https:\/\/zjarr.tv\/?p=281175"},"modified":"2022-09-02T12:01:54","modified_gmt":"2022-09-02T10:01:54","slug":"noka-prestige-resort-viktime-e-hakmarrjes-se-edi-rames","status":"publish","type":"post","link":"https:\/\/zjarr.tv\/sq\/noka-prestige-resort-viktime-e-hakmarrjes-se-edi-rames\/","title":{"rendered":"Noka: &#8216;Prestige Resort&#8217; viktim\u00eb e hakmarrjes s\u00eb Edi Ram\u00ebs"},"content":{"rendered":"<p>Sekretari i P\u00ebrgjithsh\u00ebm i Partis\u00eb Demokratike Flamur Noka, ka d\u00ebnuar sulmin e IMT n\u00eb bizneset e pronarit t\u00eb mediave.<\/p>\n<p>\u201cPrestige Resort viktim\u00eb e hakmarrjes s\u00eb Edi Ram\u00ebs. Turist\u00ebt d\u00ebshmitar\u00eb\u201d, shkruan Noka n\u00eb nj\u00eb postim n\u00eb facebook.<\/p>\n<p><strong>Ja postimi i plot\u00eb:<\/strong><\/p>\n<p><em>Prestige Resort viktim\u00eb e hakmarrjes s\u00eb Edi Ram\u00ebs. Turist\u00ebt d\u00ebshmitar\u00eb. <\/em><em>I ka d\u00ebrguar fadrom\u00ebn q\u00eb pa zbardhur dita vet\u00ebm pse Irfan Hysenbelliu nuk pranon t\u00eb b\u00ebhet fr\u00ebngji mediatike q\u00eb godet opozit\u00ebn. Dhe k\u00ebtej flet p\u00ebr turiz\u00ebm.<\/em><\/p>\n","protected":false},"excerpt":{"rendered":"<p>Sekretari i P\u00ebrgjithsh\u00ebm i Partis\u00eb Demokratike Flamur Noka, ka d\u00ebnuar sulmin e IMT n\u00eb bizneset e pronarit t\u00eb mediave. \u201cPrestige Resort viktim\u00eb e hakmarrjes s\u00eb Edi Ram\u00ebs. Turist\u00ebt d\u00ebshmitar\u00eb\u201d, shkruan Noka n\u00eb nj\u00eb postim n\u00eb facebook. Ja postimi i plot\u00eb: Prestige Resort viktim\u00eb e hakmarrjes s\u00eb Edi Ram\u00ebs. Turist\u00ebt d\u00ebshmitar\u00eb. I ka d\u00ebrguar fadrom\u00ebn q\u00eb [&hellip;]<\/p>\n","protected":false},"author":2037,"featured_media":202167,"comment_status":"closed","ping_status":"closed","sticky":false,"template":"","format":"standard","meta":{"footnotes":""},"categories":[241,364,231],"tags":[],"class_list":{"0":"post-281175","1":"post","2":"type-post","3":"status-publish","4":"format-standard","5":"has-post-thumbnail","7":"category-aktualitet","8":"category-koment-opinion","9":"category-lajme"},"_links":{"self":[{"href":"https:\/\/zjarr.tv\/sq\/wp-json\/wp\/v2\/posts\/281175","targetHints":{"allow":["GET"]}}],"collection":[{"href":"https:\/\/zjarr.tv\/sq\/wp-json\/wp\/v2\/posts"}],"about":[{"href":"https:\/\/zjarr.tv\/sq\/wp-json\/wp\/v2\/types\/post"}],"author":[{"embeddable":true,"href":"https:\/\/zjarr.tv\/sq\/wp-json\/wp\/v2\/users\/2037"}],"replies":[{"embeddable":true,"href":"https:\/\/zjarr.tv\/sq\/wp-json\/wp\/v2\/comments?post=281175"}],"version-history":[{"count":0,"href":"https:\/\/zjarr.tv\/sq\/wp-json\/wp\/v2\/posts\/281175\/revisions"}],"wp:featuredmedia":[{"embeddable":true,"href":"https:\/\/zjarr.tv\/sq\/wp-json\/wp\/v2\/media\/202167"}],"wp:attachment":[{"href":"https:\/\/zjarr.tv\/sq\/wp-json\/wp\/v2\/media?parent=281175"}],"wp:term":[{"taxonomy":"category","embeddable":true,"href":"https:\/\/zjarr.tv\/sq\/wp-json\/wp\/v2\/categories?post=281175"},{"taxonomy":"post_tag","embeddable":true,"href":"https:\/\/zjarr.tv\/sq\/wp-json\/wp\/v2\/tags?post=281175"}],"curies":[{"name":"wp","href":"https:\/\/api.w.org\/{rel}","templated":true}]}}