{"id":282215,"date":"2022-09-07T13:30:51","date_gmt":"2022-09-07T11:30:51","guid":{"rendered":"https:\/\/zjarr.tv\/?p=282215"},"modified":"2022-09-07T13:30:51","modified_gmt":"2022-09-07T11:30:51","slug":"plani-4-masat-e-qeverise-per-te-kursyer-energjine-elektrike","status":"publish","type":"post","link":"https:\/\/zjarr.tv\/sq\/plani-4-masat-e-qeverise-per-te-kursyer-energjine-elektrike\/","title":{"rendered":"Plani\/ 4 masat e qeveris\u00eb p\u00ebr t\u00eb kursyer energjin\u00eb elektrike"},"content":{"rendered":"<p>Nes\u00ebr qeveria pritet q\u00eb t\u00eb miratoj\u00eb planin p\u00ebr kursimin e energjis\u00eb. Kat\u00ebr jan\u00eb pikat kryesore.<\/p>\n<p>S\u00eb pari do t\u00eb jet\u00eb vendosja e fash\u00ebs p\u00ebr familjar\u00ebt. N\u00ebse do t\u00eb kalojn\u00eb 800 kilovat n\u00eb muaj do ta paguajn\u00eb me \u00e7mimin e tregut, pra nuk do t\u00eb mbrohen.<\/p>\n<p>S\u00eb dyti do t\u00eb miratohet plani p\u00ebr kufizim e energjis\u00eb n\u00eb institucionet shtet\u00ebrore. Pika e tret\u00eb lidhet me kufizimin e ndri\u00e7imit publik n\u00eb rrug\u00eb.<\/p>\n<p>Pjes\u00eb e tij \u00ebsht\u00eb edhe kufizimi i ndri\u00e7imit t\u00eb reklamave pas nj\u00eb orari t\u00eb caktuar gjat\u00eb nat\u00ebs.<\/p>\n<p>Pika e kat\u00ebrt \u00ebsht\u00eb subvencionimi i abonent\u00ebve q\u00eb do t\u00eb vendosin panele diellore.<\/p>\n<div class=\"td_block_template_1 awac-wrapper\">\n<div class=\"td_block_template_1 awac widget block-28\">\n<p>&nbsp;<\/p>\n<\/div>\n<\/div>\n","protected":false},"excerpt":{"rendered":"<p>Nes\u00ebr qeveria pritet q\u00eb t\u00eb miratoj\u00eb planin p\u00ebr kursimin e energjis\u00eb. Kat\u00ebr jan\u00eb pikat kryesore. S\u00eb pari do t\u00eb jet\u00eb vendosja e fash\u00ebs p\u00ebr familjar\u00ebt. N\u00ebse do t\u00eb kalojn\u00eb 800 kilovat n\u00eb muaj do ta paguajn\u00eb me \u00e7mimin e tregut, pra nuk do t\u00eb mbrohen. S\u00eb dyti do t\u00eb miratohet plani p\u00ebr kufizim e energjis\u00eb [&hellip;]<\/p>\n","protected":false},"author":2020,"featured_media":282216,"comment_status":"closed","ping_status":"closed","sticky":false,"template":"","format":"standard","meta":{"footnotes":""},"categories":[241,231],"tags":[],"class_list":{"0":"post-282215","1":"post","2":"type-post","3":"status-publish","4":"format-standard","5":"has-post-thumbnail","7":"category-aktualitet","8":"category-lajme"},"_links":{"self":[{"href":"https:\/\/zjarr.tv\/sq\/wp-json\/wp\/v2\/posts\/282215","targetHints":{"allow":["GET"]}}],"collection":[{"href":"https:\/\/zjarr.tv\/sq\/wp-json\/wp\/v2\/posts"}],"about":[{"href":"https:\/\/zjarr.tv\/sq\/wp-json\/wp\/v2\/types\/post"}],"author":[{"embeddable":true,"href":"https:\/\/zjarr.tv\/sq\/wp-json\/wp\/v2\/users\/2020"}],"replies":[{"embeddable":true,"href":"https:\/\/zjarr.tv\/sq\/wp-json\/wp\/v2\/comments?post=282215"}],"version-history":[{"count":0,"href":"https:\/\/zjarr.tv\/sq\/wp-json\/wp\/v2\/posts\/282215\/revisions"}],"wp:featuredmedia":[{"embeddable":true,"href":"https:\/\/zjarr.tv\/sq\/wp-json\/wp\/v2\/media\/282216"}],"wp:attachment":[{"href":"https:\/\/zjarr.tv\/sq\/wp-json\/wp\/v2\/media?parent=282215"}],"wp:term":[{"taxonomy":"category","embeddable":true,"href":"https:\/\/zjarr.tv\/sq\/wp-json\/wp\/v2\/categories?post=282215"},{"taxonomy":"post_tag","embeddable":true,"href":"https:\/\/zjarr.tv\/sq\/wp-json\/wp\/v2\/tags?post=282215"}],"curies":[{"name":"wp","href":"https:\/\/api.w.org\/{rel}","templated":true}]}}