{"id":283953,"date":"2022-09-12T21:41:41","date_gmt":"2022-09-12T19:41:41","guid":{"rendered":"https:\/\/zjarr.tv\/?p=283953"},"modified":"2022-09-12T21:41:41","modified_gmt":"2022-09-12T19:41:41","slug":"nesho-rama-beri-gabim-qe-mori-muxhahedinet-pse-si-mori-vete-amerika-cim-peka-e-nxjerr-blof-te-paret-i-solli-berisha","status":"publish","type":"post","link":"https:\/\/zjarr.tv\/sq\/nesho-rama-beri-gabim-qe-mori-muxhahedinet-pse-si-mori-vete-amerika-cim-peka-e-nxjerr-blof-te-paret-i-solli-berisha\/","title":{"rendered":"Nesho: Rama b\u00ebri gabim q\u00eb mori muxhahedin\u00ebt, pse s\u2019i mori vet\u00eb Amerika? \u00c7im Peka e nxjerr \u2018blof\u2019: T\u00eb par\u00ebt i solli Berisha"},"content":{"rendered":"<p>N\u00ebnkryetari i Partis\u00eb s\u00eb Liris\u00eb, Agim Nesho thot\u00eb se kryeministri Edi Rama b\u00ebri gabim q\u00eb pranoi n\u00eb Shqip\u00ebri strehimin e mij\u00ebra muxhahedin\u00ebve iranian\u00eb.<\/p>\n<p>Teksa komentonte tensionimin e situat\u00ebs dit\u00ebt e fundit, tha se \u201cp\u00ebrse nuk i pranoi vet\u00eb Amerika\u201d muxhahedin\u00ebt. Sipas tij Rama \u00ebsht\u00eb nga ata lidera q\u00eb vet\u00ebofrohen.<\/p>\n<p>Por nd\u00ebrhyrja e moderatorit \u00c7im Peka e ka nxjerr\u00eb huq diplomatin Nesho, pasi i ka kujtuar atij se 200 muxhahedin\u00ebt e par\u00eb jan\u00eb pranuar nga Sali Berisha, i cili u ofrua t\u00eb merrte 500.<\/p>\n<p>Pjes\u00eb nga biseda n\u00eb Syri Tv:<\/p>\n<p>Agim Nesho: Rama b\u00ebri gabim, sigurisht. Pse nuk i mori vet\u00eb Amerika? Edhe kur shikon shp\u00ebrndarjen e tyre shikon k\u00ebta njer\u00ebz, i psikologjis, jan\u00eb t\u00eb vet\u00ebofruar dhe p\u00ebr t\u00eb b\u00ebr\u00eb si t\u00eb duan me pushtetin, k\u00ebta njer\u00ebz.<\/p>\n<p>Megjithat\u00eb, t\u00eb par\u00ebt i mori kur ishte kryeminist\u00ebr Sali Berisha, madje ofroi t\u00eb merrte 500 prej tyre, nd\u00ebrsa sekretarja Klinton solli vet\u00ebm 200, duke patur parasysh edhe kapacitetet shqiptare.<\/p>\n","protected":false},"excerpt":{"rendered":"<p>N\u00ebnkryetari i Partis\u00eb s\u00eb Liris\u00eb, Agim Nesho thot\u00eb se kryeministri Edi Rama b\u00ebri gabim q\u00eb pranoi n\u00eb Shqip\u00ebri strehimin e mij\u00ebra muxhahedin\u00ebve iranian\u00eb. Teksa komentonte tensionimin e situat\u00ebs dit\u00ebt e fundit, tha se \u201cp\u00ebrse nuk i pranoi vet\u00eb Amerika\u201d muxhahedin\u00ebt. Sipas tij Rama \u00ebsht\u00eb nga ata lidera q\u00eb vet\u00ebofrohen. Por nd\u00ebrhyrja e moderatorit \u00c7im Peka [&hellip;]<\/p>\n","protected":false},"author":2031,"featured_media":283954,"comment_status":"closed","ping_status":"closed","sticky":false,"template":"","format":"standard","meta":{"footnotes":""},"categories":[241,231,235],"tags":[],"class_list":{"0":"post-283953","1":"post","2":"type-post","3":"status-publish","4":"format-standard","5":"has-post-thumbnail","7":"category-aktualitet","8":"category-lajme","9":"category-vendi"},"_links":{"self":[{"href":"https:\/\/zjarr.tv\/sq\/wp-json\/wp\/v2\/posts\/283953","targetHints":{"allow":["GET"]}}],"collection":[{"href":"https:\/\/zjarr.tv\/sq\/wp-json\/wp\/v2\/posts"}],"about":[{"href":"https:\/\/zjarr.tv\/sq\/wp-json\/wp\/v2\/types\/post"}],"author":[{"embeddable":true,"href":"https:\/\/zjarr.tv\/sq\/wp-json\/wp\/v2\/users\/2031"}],"replies":[{"embeddable":true,"href":"https:\/\/zjarr.tv\/sq\/wp-json\/wp\/v2\/comments?post=283953"}],"version-history":[{"count":0,"href":"https:\/\/zjarr.tv\/sq\/wp-json\/wp\/v2\/posts\/283953\/revisions"}],"wp:featuredmedia":[{"embeddable":true,"href":"https:\/\/zjarr.tv\/sq\/wp-json\/wp\/v2\/media\/283954"}],"wp:attachment":[{"href":"https:\/\/zjarr.tv\/sq\/wp-json\/wp\/v2\/media?parent=283953"}],"wp:term":[{"taxonomy":"category","embeddable":true,"href":"https:\/\/zjarr.tv\/sq\/wp-json\/wp\/v2\/categories?post=283953"},{"taxonomy":"post_tag","embeddable":true,"href":"https:\/\/zjarr.tv\/sq\/wp-json\/wp\/v2\/tags?post=283953"}],"curies":[{"name":"wp","href":"https:\/\/api.w.org\/{rel}","templated":true}]}}