{"id":283958,"date":"2022-09-12T21:49:44","date_gmt":"2022-09-12T19:49:44","guid":{"rendered":"https:\/\/zjarr.tv\/?p=283958"},"modified":"2022-09-12T21:49:44","modified_gmt":"2022-09-12T19:49:44","slug":"paketa-anti-krize-e-prezantuar-nga-qeveria-dashamir-shehi-po-rikthehet-e-njejta-formule-si-30-vite-me-pare-mund-te-jepte-tre-here-me-shume","status":"publish","type":"post","link":"https:\/\/zjarr.tv\/sq\/paketa-anti-krize-e-prezantuar-nga-qeveria-dashamir-shehi-po-rikthehet-e-njejta-formule-si-30-vite-me-pare-mund-te-jepte-tre-here-me-shume\/","title":{"rendered":"Paketa anti-kriz\u00eb e prezantuar nga qeveria, Dashamir Shehi: Po rikthehet e nj\u00ebjta formul\u00eb si 30 vite m\u00eb par\u00eb! Mund t\u00eb jepte tre her\u00eb m\u00eb shum\u00eb"},"content":{"rendered":"<p>Dashamir Shehi foli p\u00ebr rritjen e \u00e7mimeve dhe paket\u00ebn anti-kriz\u00eb t\u00eb prezantuar nga qeveria. Ai tha se qeveria po ndjek t\u00eb nj\u00ebjt\u00ebn formul\u00eb t\u00eb 30 viteve m\u00eb par\u00eb.<br \/>\n\u201cKriza shpenzime, rroga pensione shp\u00ebrndahen n\u00eb 12 muaj n\u00eb nj\u00eb vend normal, nd\u00ebrsa tek ne b\u00ebhet sikur harrohet kjo situat\u00eb dhe ndahet n\u00eb tre muajt e fundit. E  kemi b\u00ebr\u00eb dhe ne, kur rrisnim rrogat, s\u2019i rrisnim n\u00eb janar, por n\u00eb mars dhe dukej sikur rriteshin 15 %. Kjo qeveri pas 30 vitesh b\u00ebn t\u00eb nj\u00ebjt\u00ebn formul\u00eb. Inflacioni zyrtar nga INSTAT p\u00ebr muajin gusht \u00ebsht\u00eb rritur.<\/p>\n<p>K\u00ebto dy muaj nuk i kan\u00eb b\u00ebr\u00eb se mendojn\u00eb se shqiptar\u00ebt do e shtyjn\u00eb, tani n\u00eb dim\u00ebr q\u00eb rritet gjith\u00e7ka, duhen shp\u00ebrndar\u00eb. Peshkatar\u00ebt gjithsej 280 vet\u00eb jan\u00eb\u2026I gjith\u00eb muhabeti \u00ebsht\u00eb se k\u00ebtu jan\u00eb 50 mln euro q\u00eb do shp\u00ebrndahen mesatarisht n\u00eb 1 mln shqiptar\u00eb, i bie nga 50 euro, t\u2019i l\u00ebm\u00eb hesapet e tjera. Jan\u00eb nda 50 mln euro p\u00ebr 1 mln hallexhinj, 1 mln e gjysm\u00eb t\u00eb tjer\u00ebt po i quajm\u00eb se nuk kan\u00eb halle. Kjo \u00ebsht\u00eb e gjitha , pra t\u00eb mos lodhemi\u201d.<\/p>\n<p>Ai shtoi n\u00eb emisionin Open n\u00eb News 24 se qeveria mund t\u00eb b\u00ebnte tre her\u00eb m\u00eb shum\u00eb p\u00ebr qytetar\u00ebt n\u00eb koh\u00eb krize. \u201cUn\u00eb do thoja q\u00eb a ka mund\u00ebsi kjo qeveri t\u00eb jap\u00eb shum\u00eb m\u00eb tep\u00ebr, do t\u00eb thoja se tre her\u00eb mund ta b\u00ebnte k\u00ebt\u00eb pun\u00eb, sepse jan\u00eb marr\u00eb rreth 300- 400 mln nga t\u00eb ardhurat shtes\u00eb\u2026<\/p>\n<p>Nga k\u00ebto 300 mln un\u00eb po them t\u00eb kthesh 150 mln. E vetmja gj\u00eb e mir\u00eb \u00ebsht\u00eb se parat\u00eb q\u00eb jan\u00eb marr\u00eb borxh, shteti shqiptar \u00ebsht\u00eb i detyruar t\u00eb laj\u00eb borxhin e tij nj\u00ebher\u00eb. Pra do t\u00eb thoja n\u00eb k\u00ebto 300 mln q\u00eb jan\u00eb ndar\u00eb, t\u00eb ishin ndar\u00eb, gjysm\u00eb p\u00ebrgjysm\u00eb\u201d, tha Dashamir Shehi.<\/p>\n","protected":false},"excerpt":{"rendered":"<p>Dashamir Shehi foli p\u00ebr rritjen e \u00e7mimeve dhe paket\u00ebn anti-kriz\u00eb t\u00eb prezantuar nga qeveria. Ai tha se qeveria po ndjek t\u00eb nj\u00ebjt\u00ebn formul\u00eb t\u00eb 30 viteve m\u00eb par\u00eb. \u201cKriza shpenzime, rroga pensione shp\u00ebrndahen n\u00eb 12 muaj n\u00eb nj\u00eb vend normal, nd\u00ebrsa tek ne b\u00ebhet sikur harrohet kjo situat\u00eb dhe ndahet n\u00eb tre muajt e fundit. [&hellip;]<\/p>\n","protected":false},"author":2031,"featured_media":204109,"comment_status":"closed","ping_status":"closed","sticky":false,"template":"","format":"standard","meta":{"footnotes":""},"categories":[241,231,235],"tags":[],"class_list":{"0":"post-283958","1":"post","2":"type-post","3":"status-publish","4":"format-standard","5":"has-post-thumbnail","7":"category-aktualitet","8":"category-lajme","9":"category-vendi"},"_links":{"self":[{"href":"https:\/\/zjarr.tv\/sq\/wp-json\/wp\/v2\/posts\/283958","targetHints":{"allow":["GET"]}}],"collection":[{"href":"https:\/\/zjarr.tv\/sq\/wp-json\/wp\/v2\/posts"}],"about":[{"href":"https:\/\/zjarr.tv\/sq\/wp-json\/wp\/v2\/types\/post"}],"author":[{"embeddable":true,"href":"https:\/\/zjarr.tv\/sq\/wp-json\/wp\/v2\/users\/2031"}],"replies":[{"embeddable":true,"href":"https:\/\/zjarr.tv\/sq\/wp-json\/wp\/v2\/comments?post=283958"}],"version-history":[{"count":0,"href":"https:\/\/zjarr.tv\/sq\/wp-json\/wp\/v2\/posts\/283958\/revisions"}],"wp:featuredmedia":[{"embeddable":true,"href":"https:\/\/zjarr.tv\/sq\/wp-json\/wp\/v2\/media\/204109"}],"wp:attachment":[{"href":"https:\/\/zjarr.tv\/sq\/wp-json\/wp\/v2\/media?parent=283958"}],"wp:term":[{"taxonomy":"category","embeddable":true,"href":"https:\/\/zjarr.tv\/sq\/wp-json\/wp\/v2\/categories?post=283958"},{"taxonomy":"post_tag","embeddable":true,"href":"https:\/\/zjarr.tv\/sq\/wp-json\/wp\/v2\/tags?post=283958"}],"curies":[{"name":"wp","href":"https:\/\/api.w.org\/{rel}","templated":true}]}}