{"id":283967,"date":"2022-09-13T06:55:09","date_gmt":"2022-09-13T04:55:09","guid":{"rendered":"https:\/\/zjarr.tv\/?p=283967"},"modified":"2022-09-13T06:55:09","modified_gmt":"2022-09-13T04:55:09","slug":"balluku-nuk-do-kandidoj-per-bashkine-e-tiranes-se-zevendesoj-dot-erionin","status":"publish","type":"post","link":"https:\/\/zjarr.tv\/sq\/balluku-nuk-do-kandidoj-per-bashkine-e-tiranes-se-zevendesoj-dot-erionin\/","title":{"rendered":"Balluku: Nuk do kandidoj p\u00ebr Bashkin\u00eb e Tiran\u00ebs, s\u2019e z\u00ebvend\u00ebsoj dot Erionin"},"content":{"rendered":"<p>Ministrja Belinda Balluku thot\u00eb se nuk ka nd\u00ebrmend t\u00eb kandidoj p\u00ebr bashkin\u00eb e Tiran\u00ebs.<\/p>\n<p>N\u00eb nj\u00eb intervist\u00eb p\u00ebr emisionin Now n\u00eb Euronews Albania, Balluku u shpreh se bashkia e Tiran\u00ebs nuk ka pse t\u00eb z\u00ebvend\u00ebsohet fare pasi \u00ebsht\u00eb nj\u00eb bashki e drejtuar n\u00eb m\u00ebnyr\u00eb t\u00eb  suksesshme nga Erion Veliaj.<\/p>\n<p>Ministrja e vler\u00ebsoi si t\u00eb shk\u00eblqyer pun\u00ebn e kryebashkiakut Veliaj teksa zbuloi edhe lidhjen p\u00ebrtej politik\u00ebs me t\u00eb.<\/p>\n<p>\u201cErioni ka shk\u00eblqyer n\u00eb Bashkin\u00eb e Tiran\u00ebs, popullariteti q\u00eb ka tregon se ka ditur t\u2019i b\u00ebj\u00eb gj\u00ebrat mir\u00eb dhe mund ta b\u00ebj\u00eb edhe m\u00eb mir\u00eb n\u00eb 4 vitet e ardhshme. Gjej rastin t\u00eb them se jemi dy njer\u00ebz q\u00eb na bashkojn\u00eb familjet, Erioni \u00ebsht\u00eb nun i vajz\u00ebs sime.<\/p>\n<p>Dhe kur ulemi ndonj\u00eb fundjav\u00eb t\u00eb ham\u00eb m\u00ebngjes bashk\u00eb dhe t\u00eb bisedojm\u00eb njer\u00ebzit na shohin me \u00e7udi pik\u00ebrisht prej k\u00ebtyre fjal\u00ebve q\u00eb dalin por nuk jan\u00eb t\u00eb v\u00ebrteta\u201d, u shpreh Balluku.<\/p>\n","protected":false},"excerpt":{"rendered":"<p>Ministrja Belinda Balluku thot\u00eb se nuk ka nd\u00ebrmend t\u00eb kandidoj p\u00ebr bashkin\u00eb e Tiran\u00ebs. N\u00eb nj\u00eb intervist\u00eb p\u00ebr emisionin Now n\u00eb Euronews Albania, Balluku u shpreh se bashkia e Tiran\u00ebs nuk ka pse t\u00eb z\u00ebvend\u00ebsohet fare pasi \u00ebsht\u00eb nj\u00eb bashki e drejtuar n\u00eb m\u00ebnyr\u00eb t\u00eb suksesshme nga Erion Veliaj. Ministrja e vler\u00ebsoi si t\u00eb shk\u00eblqyer [&hellip;]<\/p>\n","protected":false},"author":2031,"featured_media":176542,"comment_status":"closed","ping_status":"closed","sticky":false,"template":"","format":"standard","meta":{"footnotes":""},"categories":[241,231,235],"tags":[],"class_list":{"0":"post-283967","1":"post","2":"type-post","3":"status-publish","4":"format-standard","5":"has-post-thumbnail","7":"category-aktualitet","8":"category-lajme","9":"category-vendi"},"_links":{"self":[{"href":"https:\/\/zjarr.tv\/sq\/wp-json\/wp\/v2\/posts\/283967","targetHints":{"allow":["GET"]}}],"collection":[{"href":"https:\/\/zjarr.tv\/sq\/wp-json\/wp\/v2\/posts"}],"about":[{"href":"https:\/\/zjarr.tv\/sq\/wp-json\/wp\/v2\/types\/post"}],"author":[{"embeddable":true,"href":"https:\/\/zjarr.tv\/sq\/wp-json\/wp\/v2\/users\/2031"}],"replies":[{"embeddable":true,"href":"https:\/\/zjarr.tv\/sq\/wp-json\/wp\/v2\/comments?post=283967"}],"version-history":[{"count":0,"href":"https:\/\/zjarr.tv\/sq\/wp-json\/wp\/v2\/posts\/283967\/revisions"}],"wp:featuredmedia":[{"embeddable":true,"href":"https:\/\/zjarr.tv\/sq\/wp-json\/wp\/v2\/media\/176542"}],"wp:attachment":[{"href":"https:\/\/zjarr.tv\/sq\/wp-json\/wp\/v2\/media?parent=283967"}],"wp:term":[{"taxonomy":"category","embeddable":true,"href":"https:\/\/zjarr.tv\/sq\/wp-json\/wp\/v2\/categories?post=283967"},{"taxonomy":"post_tag","embeddable":true,"href":"https:\/\/zjarr.tv\/sq\/wp-json\/wp\/v2\/tags?post=283967"}],"curies":[{"name":"wp","href":"https:\/\/api.w.org\/{rel}","templated":true}]}}