{"id":283973,"date":"2022-09-13T06:58:51","date_gmt":"2022-09-13T04:58:51","guid":{"rendered":"https:\/\/zjarr.tv\/?p=283973"},"modified":"2022-09-13T06:58:51","modified_gmt":"2022-09-13T04:58:51","slug":"bledi-cuci-publikon-videon-live-nga-aeroporti-i-rinasit-tims-eshte-100-ne-pune-te-tjerat-jane-dizinformim-i-qellimshem-ose-nga-pertacia","status":"publish","type":"post","link":"https:\/\/zjarr.tv\/sq\/bledi-cuci-publikon-videon-live-nga-aeroporti-i-rinasit-tims-eshte-100-ne-pune-te-tjerat-jane-dizinformim-i-qellimshem-ose-nga-pertacia\/","title":{"rendered":"Bledi \u00c7u\u00e7i publikon videon \u201clive\u201d nga aeroporti i Rinasit: TIMS \u00ebsht\u00eb 100% n\u00eb pun\u00eb, t\u00eb tjerat jan\u00eb dizinformim i q\u00ebllimsh\u00ebm ose nga p\u00ebrtacia"},"content":{"rendered":"<p>Ministri i Brendsh\u00ebm Bledi \u00c7u\u00e7i, mbr\u00ebmjen e sotme ka publikuar pamje live nga aeroporti i Rinasit duke treguar se puna po vijon normalisht dhe se sistemi i portave elektronike vijon pun\u00ebn pa problem.<\/p>\n<p>\u00c7u\u00e7i ka b\u00ebr\u00eb me dije se sistemi i portave elektronike (e-gate) nuk punon pa TIMS dhe sistemi \u00ebsht\u00eb 100% n\u00eb pun\u00eb.<\/p>\n<p>Ministri thekson se akuzat q\u00eb sistemi TIMS nuk punon jan\u00eb dizinformim i q\u00ebllimsh\u00ebm ose nga p\u00ebrtacia.<\/p>\n<p>\u201cLive nga Rinasi. Ky \u00ebsht\u00eb sistemi i portave elektronike (e-gate). E-gate nuk ka si punon pa TIMS dhe TIMS \u00ebsht\u00eb 100% n\u00eb pun\u00eb qysh prej kur njoftuam publikisht. T\u00eb tjerat jan\u00eb dizinformim i q\u00ebllimsh\u00ebm ose nga p\u00ebrtacia po nj\u00ebsoj i d\u00ebmsh\u00ebm p\u00ebr publikun\u201d, shkruan \u00c7u\u00e7i.<\/p>\n","protected":false},"excerpt":{"rendered":"<p>Ministri i Brendsh\u00ebm Bledi \u00c7u\u00e7i, mbr\u00ebmjen e sotme ka publikuar pamje live nga aeroporti i Rinasit duke treguar se puna po vijon normalisht dhe se sistemi i portave elektronike vijon pun\u00ebn pa problem. \u00c7u\u00e7i ka b\u00ebr\u00eb me dije se sistemi i portave elektronike (e-gate) nuk punon pa TIMS dhe sistemi \u00ebsht\u00eb 100% n\u00eb pun\u00eb. Ministri [&hellip;]<\/p>\n","protected":false},"author":2031,"featured_media":283974,"comment_status":"closed","ping_status":"closed","sticky":false,"template":"","format":"standard","meta":{"footnotes":""},"categories":[241,231,235],"tags":[],"class_list":{"0":"post-283973","1":"post","2":"type-post","3":"status-publish","4":"format-standard","5":"has-post-thumbnail","7":"category-aktualitet","8":"category-lajme","9":"category-vendi"},"_links":{"self":[{"href":"https:\/\/zjarr.tv\/sq\/wp-json\/wp\/v2\/posts\/283973","targetHints":{"allow":["GET"]}}],"collection":[{"href":"https:\/\/zjarr.tv\/sq\/wp-json\/wp\/v2\/posts"}],"about":[{"href":"https:\/\/zjarr.tv\/sq\/wp-json\/wp\/v2\/types\/post"}],"author":[{"embeddable":true,"href":"https:\/\/zjarr.tv\/sq\/wp-json\/wp\/v2\/users\/2031"}],"replies":[{"embeddable":true,"href":"https:\/\/zjarr.tv\/sq\/wp-json\/wp\/v2\/comments?post=283973"}],"version-history":[{"count":0,"href":"https:\/\/zjarr.tv\/sq\/wp-json\/wp\/v2\/posts\/283973\/revisions"}],"wp:featuredmedia":[{"embeddable":true,"href":"https:\/\/zjarr.tv\/sq\/wp-json\/wp\/v2\/media\/283974"}],"wp:attachment":[{"href":"https:\/\/zjarr.tv\/sq\/wp-json\/wp\/v2\/media?parent=283973"}],"wp:term":[{"taxonomy":"category","embeddable":true,"href":"https:\/\/zjarr.tv\/sq\/wp-json\/wp\/v2\/categories?post=283973"},{"taxonomy":"post_tag","embeddable":true,"href":"https:\/\/zjarr.tv\/sq\/wp-json\/wp\/v2\/tags?post=283973"}],"curies":[{"name":"wp","href":"https:\/\/api.w.org\/{rel}","templated":true}]}}