{"id":283997,"date":"2022-09-13T07:09:48","date_gmt":"2022-09-13T05:09:48","guid":{"rendered":"https:\/\/zjarr.tv\/?p=283997"},"modified":"2022-09-13T07:09:48","modified_gmt":"2022-09-13T05:09:48","slug":"ervin-salianji-homazhe-per-mbretereshen-elisabeth-ne-ambasaden-britanike-nderim-per-nje-ikone","status":"publish","type":"post","link":"https:\/\/zjarr.tv\/sq\/ervin-salianji-homazhe-per-mbretereshen-elisabeth-ne-ambasaden-britanike-nderim-per-nje-ikone\/","title":{"rendered":"Ervin Salianji homazhe p\u00ebr Mbret\u00ebresh\u00ebn Elisabeth n\u00eb ambasad\u00ebn britanike: Nderim p\u00ebr nj\u00eb ikon\u00eb!"},"content":{"rendered":"<p>Deputeti i Partis\u00eb Demokratike Ervin Salianji, ka zhvilluar k\u00ebt\u00eb t\u00eb h\u00ebn\u00eb homazhe n\u00eb ambasad\u00ebn britanike n\u00eb Tiran\u00eb, p\u00ebr t\u00eb shprehur ngush\u00ebllimet p\u00ebr ndarjen nga jeta t\u00eb Mbret\u00ebresh\u00ebs Elisabeth.<\/p>\n<p>Salianji ka publikuar p\u00ebrmes nj\u00eb postimi n\u00eb facebook dhe momentin teksa shkruan n\u00eb librin e ngush\u00ebllimeve p\u00ebr Mbret\u00ebresh\u00ebn n\u00eb krah t\u00eb ambasadorit ambasadorit Alastair King-Smith.<\/p>\n<p>\u201cNderim p\u00ebr nj\u00eb ikon\u00eb, Queen Elizabeth II\u201d, shkruan Salianji n\u00eb mbishkrimin e fotos.<\/p>\n","protected":false},"excerpt":{"rendered":"<p>Deputeti i Partis\u00eb Demokratike Ervin Salianji, ka zhvilluar k\u00ebt\u00eb t\u00eb h\u00ebn\u00eb homazhe n\u00eb ambasad\u00ebn britanike n\u00eb Tiran\u00eb, p\u00ebr t\u00eb shprehur ngush\u00ebllimet p\u00ebr ndarjen nga jeta t\u00eb Mbret\u00ebresh\u00ebs Elisabeth. Salianji ka publikuar p\u00ebrmes nj\u00eb postimi n\u00eb facebook dhe momentin teksa shkruan n\u00eb librin e ngush\u00ebllimeve p\u00ebr Mbret\u00ebresh\u00ebn n\u00eb krah t\u00eb ambasadorit ambasadorit Alastair King-Smith. \u201cNderim p\u00ebr [&hellip;]<\/p>\n","protected":false},"author":2031,"featured_media":283998,"comment_status":"closed","ping_status":"closed","sticky":false,"template":"","format":"standard","meta":{"footnotes":""},"categories":[241,231,235],"tags":[],"class_list":{"0":"post-283997","1":"post","2":"type-post","3":"status-publish","4":"format-standard","5":"has-post-thumbnail","7":"category-aktualitet","8":"category-lajme","9":"category-vendi"},"_links":{"self":[{"href":"https:\/\/zjarr.tv\/sq\/wp-json\/wp\/v2\/posts\/283997","targetHints":{"allow":["GET"]}}],"collection":[{"href":"https:\/\/zjarr.tv\/sq\/wp-json\/wp\/v2\/posts"}],"about":[{"href":"https:\/\/zjarr.tv\/sq\/wp-json\/wp\/v2\/types\/post"}],"author":[{"embeddable":true,"href":"https:\/\/zjarr.tv\/sq\/wp-json\/wp\/v2\/users\/2031"}],"replies":[{"embeddable":true,"href":"https:\/\/zjarr.tv\/sq\/wp-json\/wp\/v2\/comments?post=283997"}],"version-history":[{"count":0,"href":"https:\/\/zjarr.tv\/sq\/wp-json\/wp\/v2\/posts\/283997\/revisions"}],"wp:featuredmedia":[{"embeddable":true,"href":"https:\/\/zjarr.tv\/sq\/wp-json\/wp\/v2\/media\/283998"}],"wp:attachment":[{"href":"https:\/\/zjarr.tv\/sq\/wp-json\/wp\/v2\/media?parent=283997"}],"wp:term":[{"taxonomy":"category","embeddable":true,"href":"https:\/\/zjarr.tv\/sq\/wp-json\/wp\/v2\/categories?post=283997"},{"taxonomy":"post_tag","embeddable":true,"href":"https:\/\/zjarr.tv\/sq\/wp-json\/wp\/v2\/tags?post=283997"}],"curies":[{"name":"wp","href":"https:\/\/api.w.org\/{rel}","templated":true}]}}