{"id":284001,"date":"2022-09-13T07:12:58","date_gmt":"2022-09-13T05:12:58","guid":{"rendered":"https:\/\/zjarr.tv\/?p=284001"},"modified":"2022-09-13T07:12:58","modified_gmt":"2022-09-13T05:12:58","slug":"azem-hajdari-eshte-i-pavdekshem-berisha-flet-per-rezistencen-e-studenteve-te-dhjetorit-dy-ditet-qe-ndane-historine-si-u-prene-ne-bese-pasi-u-thirren-ne-takim","status":"publish","type":"post","link":"https:\/\/zjarr.tv\/sq\/azem-hajdari-eshte-i-pavdekshem-berisha-flet-per-rezistencen-e-studenteve-te-dhjetorit-dy-ditet-qe-ndane-historine-si-u-prene-ne-bese-pasi-u-thirren-ne-takim\/","title":{"rendered":"\u201cAzem Hajdari \u00ebsht\u00eb i pavdeksh\u00ebm\u201d- Berisha flet p\u00ebr rezistenc\u00ebn e student\u00ebve t\u00eb Dhjetorit: Dy dit\u00ebt q\u00eb ndan\u00eb historin\u00eb! Si u pren\u00eb n\u00eb bes\u00eb pasi u thirr\u00ebn n\u00eb takim"},"content":{"rendered":"<p>Ish-kryeministri Sali Berisha ka ndar\u00eb nj\u00eb rr\u00ebfim n\u00eb lidhje me rezistenc\u00ebn e student\u00ebve t\u00eb Dhjetorit t\u00eb vitit 1990 n\u00eb p\u00ebrkujtimoren e thirrur n\u00eb qytetin \u201cStudenti\u201d n\u00eb Tiran\u00eb p\u00ebr Azem Hajdarin.<\/p>\n<p>Berisha tha se figura e k\u00ebtij t\u00eb fundit mbetet e pavdekshme dhe sot frym\u00ebzon m\u00eb shum\u00eb se kurr\u00eb. Ai ndau nj\u00eb rr\u00ebfim nga ajo q\u00eb e cil\u00ebsoi \u201cdy dit\u00ebt q\u00eb ndan\u00eb historin\u00eb\u201d.<\/p>\n<p>Ai tha se Azem Hajdari u pre n\u00eb bes\u00eb pasi u thirr n\u00eb takim nga Ramiz Alia, por shtoi se kjo gj\u00eb nuk e frik\u00ebsoi por e b\u00ebri m\u00eb t\u00eb pamposhtur.<\/p>\n<p>\u201cEdhe nj\u00ebher\u00eb ju p\u00ebrsh\u00ebndes p\u00ebrzem\u00ebrsisht. Ky takim t\u00eb zgjon mendime t\u00eb ndryshme, por ndon\u00ebse kjo \u00ebsht\u00eb dita e ekzekutimit dhe pushkatimit t\u00eb Azem Hajdarit, kjo \u00ebsht\u00eb dita dhe \u00e7do dit\u00eb q\u00eb ne mendojm\u00eb at\u00eb \u00ebsht\u00eb vepra e tij. Azem Hajdari jeton dhe \u00ebsht\u00eb i pavdeksh\u00ebm n\u00eb vepr\u00ebn e tij. P\u00ebr t\u00eb qen\u00eb realist asgj\u00eb nuk do i p\u00ebrshtatej m\u00eb shum\u00eb k\u00ebtij takimi sesa dhjetori n\u00eb rrezik, 1990-ta n\u00eb rrezik. A sh\u00ebrben sot kujtimi i vepr\u00ebs s\u00eb Azem Hajdarit?! Mendoj se frym\u00ebzon sot m\u00eb shum\u00eb se kurr\u00eb. Un\u00eb do ju p\u00ebrshkruaj jo p\u00ebr t\u00eb b\u00ebr\u00eb histori por dy tre momente t\u00eb atyre dit\u00ebve q\u00eb ndan\u00eb historin\u00eb.<\/p>\n<p>\u00c7far\u00eb ishin ato dy tre dit\u00eb? Azem Hajdari dhe nj\u00eb grup u treguan t\u00eb pamposhtur. I ftoi Ramiz Alia n\u00eb dark\u00eb. Doli n\u00eb 1 t\u00eb nat\u00ebs. U nxori ministrat dhe i d\u00ebrmoi me shkopinj dhe mjete t\u00eb tjera. Ata ishin t\u00eb pamposhtur sepse t\u00eb nes\u00ebrmen dol\u00ebn n\u00eb demonstrat\u00ebn e par\u00eb anti komuniste n\u00eb rrug\u00ebt e Tiran\u00ebs. N\u00eb kuptimin e organizimit dhe n\u00eb 8 t\u00eb m\u00ebnggjesit jan\u00eb mbledhur k\u00ebtu dhe kan\u00eb z\u00ebn\u00eb rrug\u00ebn e Elbasanit. Aty u v\u00ebrsul\u00ebn me nj\u00eb t\u00ebrbim p\u00ebr t\u2019i b\u00ebr\u00eb copash. U shp\u00ebrndam\u00eb. Erdha k\u00ebtu dhe gjeta Azemin me nj\u00eb grup student\u00ebsh.<\/p>\n<p>Jo vet\u00ebm q\u00eb nuk i gjeta t\u00eb frik\u00ebsuar por ishin t\u00eb vendosur p\u00ebr t\u00eb shkuar drejt sheshit. Azem Hajdari ishte nj\u00eb guximtar i jasht\u00ebzakonsh\u00ebm. Dhe k\u00ebta ishin t\u00eb pamposhtur. Azem Hajdari u b\u00eb lider n\u00eb nj\u00eb m\u00ebnyr\u00eb unike, epike. Mund t\u00eb themi \u00e7far\u00eb t\u00eb duam. Kemi ardhur me Besnik Mustaf\u00ebn pasi takuam Ramiz Alin\u00eb p\u00ebr t\u2019u th\u00ebn\u00eb student\u00ebve q\u00eb ai ju pret. Diktatori e kishte l\u00ebn\u00eb vet\u00eb me ta. U kishte premtuar se do vinte t\u2019i takonte k\u00ebtu. Nga ana tjet\u00ebr e kishte mbushur k\u00ebt\u00eb shesh dhe k\u00ebto rrugica me ushtar\u00eb t\u00eb t\u00eb gjitha llojeve.<\/p>\n<p>Me Besnikun e kuptuam q\u00eb ai donte t\u2019i sulmonte. Kemi nejtur dy or\u00eb me ta. P\u00ebr t\u2019u th\u00ebn\u00eb. E pam\u00eb q\u00eb po u nis\u00ebm drejt sheshit do t\u00eb sulmoheshin. Kishin afruar kamion\u00ebt p\u00ebr t\u2019i evakuuar me forc\u00eb. Nuk u tham\u00eb shum\u00eb por i bind\u00ebm q\u00eb nuk do zbrisni sonte n\u00eb shesh. Merruni me k\u00ebrkesat\u201d, tha Berisha.<\/p>\n","protected":false},"excerpt":{"rendered":"<p>Ish-kryeministri Sali Berisha ka ndar\u00eb nj\u00eb rr\u00ebfim n\u00eb lidhje me rezistenc\u00ebn e student\u00ebve t\u00eb Dhjetorit t\u00eb vitit 1990 n\u00eb p\u00ebrkujtimoren e thirrur n\u00eb qytetin \u201cStudenti\u201d n\u00eb Tiran\u00eb p\u00ebr Azem Hajdarin. Berisha tha se figura e k\u00ebtij t\u00eb fundit mbetet e pavdekshme dhe sot frym\u00ebzon m\u00eb shum\u00eb se kurr\u00eb. Ai ndau nj\u00eb rr\u00ebfim nga ajo q\u00eb [&hellip;]<\/p>\n","protected":false},"author":2031,"featured_media":284002,"comment_status":"closed","ping_status":"closed","sticky":false,"template":"","format":"standard","meta":{"footnotes":""},"categories":[241,231,235],"tags":[],"class_list":{"0":"post-284001","1":"post","2":"type-post","3":"status-publish","4":"format-standard","5":"has-post-thumbnail","7":"category-aktualitet","8":"category-lajme","9":"category-vendi"},"_links":{"self":[{"href":"https:\/\/zjarr.tv\/sq\/wp-json\/wp\/v2\/posts\/284001","targetHints":{"allow":["GET"]}}],"collection":[{"href":"https:\/\/zjarr.tv\/sq\/wp-json\/wp\/v2\/posts"}],"about":[{"href":"https:\/\/zjarr.tv\/sq\/wp-json\/wp\/v2\/types\/post"}],"author":[{"embeddable":true,"href":"https:\/\/zjarr.tv\/sq\/wp-json\/wp\/v2\/users\/2031"}],"replies":[{"embeddable":true,"href":"https:\/\/zjarr.tv\/sq\/wp-json\/wp\/v2\/comments?post=284001"}],"version-history":[{"count":0,"href":"https:\/\/zjarr.tv\/sq\/wp-json\/wp\/v2\/posts\/284001\/revisions"}],"wp:featuredmedia":[{"embeddable":true,"href":"https:\/\/zjarr.tv\/sq\/wp-json\/wp\/v2\/media\/284002"}],"wp:attachment":[{"href":"https:\/\/zjarr.tv\/sq\/wp-json\/wp\/v2\/media?parent=284001"}],"wp:term":[{"taxonomy":"category","embeddable":true,"href":"https:\/\/zjarr.tv\/sq\/wp-json\/wp\/v2\/categories?post=284001"},{"taxonomy":"post_tag","embeddable":true,"href":"https:\/\/zjarr.tv\/sq\/wp-json\/wp\/v2\/tags?post=284001"}],"curies":[{"name":"wp","href":"https:\/\/api.w.org\/{rel}","templated":true}]}}