{"id":284005,"date":"2022-09-13T07:58:18","date_gmt":"2022-09-13T05:58:18","guid":{"rendered":"https:\/\/zjarr.tv\/?p=284005"},"modified":"2022-09-13T07:58:18","modified_gmt":"2022-09-13T05:58:18","slug":"debati-per-shamite-ne-shkolla-myftiu-i-shkodres-kercenon-gjekmarkajn-mos-fut-hundet-ne-ceshtjet-e-fese-hesht-mos-prish-vlerat-e-harmonise","status":"publish","type":"post","link":"https:\/\/zjarr.tv\/sq\/debati-per-shamite-ne-shkolla-myftiu-i-shkodres-kercenon-gjekmarkajn-mos-fut-hundet-ne-ceshtjet-e-fese-hesht-mos-prish-vlerat-e-harmonise\/","title":{"rendered":"Debati p\u00ebr shamit\u00eb n\u00eb shkolla\/ Myftiu i Shkodr\u00ebs k\u00ebrc\u00ebnon Gjekmarkajn: Mos fut hund\u00ebt n\u00eb \u00e7\u00ebshtjet e fes\u00eb! Hesht, mos prish vlerat e harmonis\u00eb"},"content":{"rendered":"<p>Myftiu i Shkodr\u00ebs Muhamed Sytari i \u00ebsht\u00eb p\u00ebrgjigjur deputeti i Partis\u00eb Demokratike, Agron Gjekmarkaj, i cili \u00ebsht\u00eb shprehur kund\u00ebr mbajtjes s\u00eb shamis\u00eb n\u00eb shkolla.<\/p>\n<p>Myftiu ka hedhur posht\u00eb pretendimet se shamia islame i sh\u00ebrben interesave serbe, si dhe i ka b\u00ebr\u00eb thirrje t\u00eb gjith\u00eb politikan\u00ebve dhe akademik\u00ebve t\u00eb tjer\u00eb ateist\u00eb q\u00eb t\u00eb heshtin, pasi ai dhe t\u00eb tjer\u00eb nuk jan\u00eb thirrur p\u00ebr t\u00eb futur hund\u00ebt aty ku nuk duhet.<\/p>\n<p>\u201cP\u00ebrgjigja m\u00eb e mir\u00eb p\u00ebr t\u00eb gjith\u00eb islamofob\u00ebt dhe osmanofob\u00ebt e trojeve shqiptare q\u00eb nuk reshtin s\u00eb hedhuri vrer kund\u00ebr mysliman\u00ebve. Nga ata q\u00eb jan\u00eb t\u00eb veshur me petkun e politik\u00ebs deri ata q\u00eb me \u00e7do petk, edhe at\u00eb t\u00eb fes\u00eb. Q\u00eb flasin kund\u00ebr hixhabit. Nj\u00eb q\u00eb p\u00ebr fat t\u00eb keq e kemi n\u00ebnkryetar t\u00eb Parlamentit ton\u00eb, thot\u00eb se mbulesa e vajzave tona n\u00eb Kosov\u00eb i sh\u00ebrben serb\u00ebve.<\/p>\n<p>Nuk ka asnj\u00eb mund\u00ebsi q\u00eb hixhabi i n\u00ebnave tona q\u00eb na m\u00ebkuan me dashurin\u00eb p\u00ebr Allahun dhe p\u00ebr tok\u00ebn e nj\u00ebri tjetrin, t\u2019i sh\u00ebrbej\u00eb serb\u00ebve.<\/p>\n<p>Ekstremizmi politik kur fut hund\u00ebt n\u00eb \u00e7\u00ebshtjet e fes\u00eb apo e keqp\u00ebrdor kthehet n\u00eb rrezik komb\u00ebtar, dhe nj\u00eb kazm\u00eb q\u00eb p\u00ebrpiqet t\u00eb shkat\u00ebrroj\u00eb harmonin\u00eb komb\u00ebtare dhe nd\u00ebrfetare. Ndaj duhet ti dalim p\u00ebrball\u00eb e ti themi t\u00eb hesht\u00eb e t\u00eb merret me pun\u00ebt e tij dhe ti dhe soj sorollopi yt nuk jan\u00eb thirrur p\u00ebr t\u00eb prishur vlerat e harmonis\u00eb komb\u00ebtare. Thirrjet shterp\u00eb t\u00eb atyre q\u00eb flasin nga foltoret mjerane t\u00eb politik\u00ebs dhe akademive me prejardhje ateiste dhe titiste n\u00eb Kosov\u00eb e p\u00ebrtej tyre n\u00eb vendin ton\u00eb, ka ardhur koha t\u2019i themi se jeni modeli m\u00eb i sh\u00ebmtuar i prezantimit t\u00eb di\u00e7kaje n\u00eb vendin ton\u00eb\u201d, deklaroi myftiu i Shkodr\u00ebs.<\/p>\n<p>M\u00eb par\u00eb Gjekmarkaj kishte deklaruar se projektligji p\u00ebr lejimin e shamis\u00eb n\u00eb ambientet institucionale dhe shkolla \u00ebsht\u00eb p\u00ebrdorim me pasoja tragjike p\u00ebr imazhin e kombit ton\u00eb.<\/p>\n<p>\u201cProjektligji p\u00ebr lejimin e shamis\u00eb n\u00eb ambientet institucionale, shkolla e zyra n\u00eb Kosov\u00eb nuk \u00ebsht\u00eb respektim i fes\u00eb por p\u00ebrdorim i saj politik. Nj\u00eb p\u00ebrdorim me pasoja tragjike p\u00ebr imazhin e kombit ton\u00eb\u201d, ka deklaruar m\u00eb par\u00eb Gjekmarkaj t\u00eb premten.<\/p>\n<p>Mbajtja e shamive n\u00eb shkolla, ka nxitur nj\u00eb debat t\u00eb nxeht\u00eb edhe n\u00eb Kosov\u00eb, kur kryeministri Albin Kurti deklaroi se do t\u00eb shqyrtohet lejimi i tyre.<\/p>\n","protected":false},"excerpt":{"rendered":"<p>Myftiu i Shkodr\u00ebs Muhamed Sytari i \u00ebsht\u00eb p\u00ebrgjigjur deputeti i Partis\u00eb Demokratike, Agron Gjekmarkaj, i cili \u00ebsht\u00eb shprehur kund\u00ebr mbajtjes s\u00eb shamis\u00eb n\u00eb shkolla. Myftiu ka hedhur posht\u00eb pretendimet se shamia islame i sh\u00ebrben interesave serbe, si dhe i ka b\u00ebr\u00eb thirrje t\u00eb gjith\u00eb politikan\u00ebve dhe akademik\u00ebve t\u00eb tjer\u00eb ateist\u00eb q\u00eb t\u00eb heshtin, pasi ai [&hellip;]<\/p>\n","protected":false},"author":2031,"featured_media":284006,"comment_status":"closed","ping_status":"closed","sticky":false,"template":"","format":"standard","meta":{"footnotes":""},"categories":[241,231,235],"tags":[],"class_list":{"0":"post-284005","1":"post","2":"type-post","3":"status-publish","4":"format-standard","5":"has-post-thumbnail","7":"category-aktualitet","8":"category-lajme","9":"category-vendi"},"_links":{"self":[{"href":"https:\/\/zjarr.tv\/sq\/wp-json\/wp\/v2\/posts\/284005","targetHints":{"allow":["GET"]}}],"collection":[{"href":"https:\/\/zjarr.tv\/sq\/wp-json\/wp\/v2\/posts"}],"about":[{"href":"https:\/\/zjarr.tv\/sq\/wp-json\/wp\/v2\/types\/post"}],"author":[{"embeddable":true,"href":"https:\/\/zjarr.tv\/sq\/wp-json\/wp\/v2\/users\/2031"}],"replies":[{"embeddable":true,"href":"https:\/\/zjarr.tv\/sq\/wp-json\/wp\/v2\/comments?post=284005"}],"version-history":[{"count":0,"href":"https:\/\/zjarr.tv\/sq\/wp-json\/wp\/v2\/posts\/284005\/revisions"}],"wp:featuredmedia":[{"embeddable":true,"href":"https:\/\/zjarr.tv\/sq\/wp-json\/wp\/v2\/media\/284006"}],"wp:attachment":[{"href":"https:\/\/zjarr.tv\/sq\/wp-json\/wp\/v2\/media?parent=284005"}],"wp:term":[{"taxonomy":"category","embeddable":true,"href":"https:\/\/zjarr.tv\/sq\/wp-json\/wp\/v2\/categories?post=284005"},{"taxonomy":"post_tag","embeddable":true,"href":"https:\/\/zjarr.tv\/sq\/wp-json\/wp\/v2\/tags?post=284005"}],"curies":[{"name":"wp","href":"https:\/\/api.w.org\/{rel}","templated":true}]}}