{"id":284021,"date":"2022-09-13T09:08:24","date_gmt":"2022-09-13T07:08:24","guid":{"rendered":"https:\/\/zjarr.tv\/?p=284021"},"modified":"2022-09-13T09:08:24","modified_gmt":"2022-09-13T07:08:24","slug":"dy-standardet-e-rames-lejon-kullen-16-kate-ne-shetitoren-taulantia-rikonstruksioni-kushtoi-rreth-9-mln-euro-nga-taksat-e-qytetareve","status":"publish","type":"post","link":"https:\/\/zjarr.tv\/sq\/dy-standardet-e-rames-lejon-kullen-16-kate-ne-shetitoren-taulantia-rikonstruksioni-kushtoi-rreth-9-mln-euro-nga-taksat-e-qytetareve\/","title":{"rendered":"Dy standardet e Ram\u00ebs\/ Lejon kull\u00ebn 16 kate n\u00eb sh\u00ebtitoren \u201cTaulantia\u201d! Rikonstruksioni kushtoi rreth 9 mln euro nga taksat e qytetar\u00ebve"},"content":{"rendered":"<p>Nuk dihen kriteret q\u00eb ka pasur parasysh Rama dhe KKRRT-ja p\u00ebr dh\u00ebnien e lejes p\u00ebr nj\u00eb hotel 16 katesh n\u00eb r\u00ebr\u00eb e n\u00eb det, q\u00eb do t\u2019i marr\u00eb frym\u00ebn edhe m\u00eb shum\u00eb qytetit. Rama ka firmosur nj\u00eb leje p\u00ebr nd\u00ebrtim n\u00eb bregdet, nd\u00ebrsa n\u00eb media trumbeton me t\u00eb madhe luft\u00eb ndaj nd\u00ebrtimeve n\u00eb r\u00ebr\u00eb e det. Mesa duket, me shum\u00eb gjasa rikonstruksioni i sh\u00ebtitores \u201cTaulantia\u201d qe kushtoi rreth 9 milion\u00eb euro nga taksat e qytetar\u00ebve e q\u00eb u tha se do t\u00eb ishte n\u00eb sh\u00ebrbim t\u00eb tyre, do t\u00eb vihet ne funksion t\u00eb godin\u00ebs gjigande, ndaj jo pa qellim jan\u00eb investuar aty miliona euro. Projekti mesa duket \u00ebsht\u00eb shume i r\u00ebnd\u00ebsish\u00ebm p\u00ebr qeverin\u00eb pasi zhvilluesi mori si me magji statusin e investitorit strategjik nga qeveria Rama.<\/p>\n<p>Godina q\u00eb sapo ka filluar t\u00eb nd\u00ebrtohet do te ket\u00eb 3 kate n\u00ebntok\u00eb dhe 16 mbi tok\u00eb, ku katet e para do t\u00eb jen\u00eb kryesisht nj\u00ebsi sh\u00ebrbimi dhe salla konferencash, nd\u00ebrsa katet e tjera hoteleri. <\/p>\n<p>Projekti ne fjale \u00ebsht\u00eb reklamuar si nj\u00eb perspektiv\u00eb e re p\u00ebr zhvillimin e turizmit elitar n\u00eb Durr\u00ebs, por nuk asnj\u00ebher\u00eb p\u00ebrmendet fakti se ai do t\u00eb jet\u00eb shum\u00eb pran\u00eb detit duke gllab\u00ebruar r\u00ebr\u00ebn dhe sh\u00ebtitoren, t\u00eb cilat duhej te ishin ne funksion te qytetareve. Ky projekt vjen kund\u00ebr filozofis\u00eb q\u00eb trumbeton qeveria, p\u00ebr luft\u00eb pa kompromis ndaj nd\u00ebrtimeve n\u00eb bregdet, por edhe k\u00ebt\u00eb her\u00eb duket se Rama dhe qeveria e tij punojn\u00eb me dy standarde.<\/p>\n<p>Me dat\u00ebn 2 shtator, Policia nisi pun\u00ebn p\u00ebr shembje q\u00eb n\u00eb or\u00ebt e para t\u00eb m\u00ebngjesit duke shkaktuar panik tek qindra turist\u00eb t\u00eb huaj q\u00eb po q\u00ebndronin aty. Nj\u00eb num\u00ebr i madh mediash europiane raportuan rreth sulmit t\u00eb paligjsh\u00ebm t\u00eb IKMT-s\u00eb n\u00eb \u201cPrestige Resort\u201d. Agjencia greke \u201cERT News\u201d n\u00eb nj\u00eb artikull t\u00eb saj shkruan se \u201cshembja e nj\u00eb hoteli n\u00eb Shqip\u00ebri ka b\u00ebr\u00eb buj\u00eb t\u00eb madhe\u201d, dhe se kjo \u00ebsht\u00eb \u201chakmarrje e Edi Ram\u00ebs\u201d.<\/p>\n<p>Kompleksi \u201cPrestige Resort\u201d n\u00eb bregdetin e Adriatikut pran\u00eb Durr\u00ebsit i p\u00ebrket grupit m\u00eb t\u00eb fort\u00eb mediatik n\u00eb vend, me president Irfan Hysenbelliu. Grupi i tij mediatik ndjek nj\u00eb linj\u00eb t\u00eb ashp\u00ebr kritike ndaj qeveris\u00eb Rama. \u201cERT\u201d shkruan se \u201c\u00ebsht\u00eb fakt se grupi \u2018Hysenbelliu\u2019, me disa kanale televizive dhe gazeta, \u00ebsht\u00eb protagonist n\u00eb vend n\u00eb zbardhjen e skandaleve t\u00eb m\u00ebdha qeveritare t\u00eb korrupsionit dhe paligjshm\u00ebris\u00eb, t\u00eb tilla q\u00eb s\u00eb bashku me luft\u00ebn e opozit\u00ebs shkaktojn\u00eb dhimbje koke dhe dridhje n\u00eb qeveri\u201d.<\/p>\n","protected":false},"excerpt":{"rendered":"<p>Nuk dihen kriteret q\u00eb ka pasur parasysh Rama dhe KKRRT-ja p\u00ebr dh\u00ebnien e lejes p\u00ebr nj\u00eb hotel 16 katesh n\u00eb r\u00ebr\u00eb e n\u00eb det, q\u00eb do t\u2019i marr\u00eb frym\u00ebn edhe m\u00eb shum\u00eb qytetit. Rama ka firmosur nj\u00eb leje p\u00ebr nd\u00ebrtim n\u00eb bregdet, nd\u00ebrsa n\u00eb media trumbeton me t\u00eb madhe luft\u00eb ndaj nd\u00ebrtimeve n\u00eb r\u00ebr\u00eb e [&hellip;]<\/p>\n","protected":false},"author":2031,"featured_media":284022,"comment_status":"closed","ping_status":"closed","sticky":false,"template":"","format":"standard","meta":{"footnotes":""},"categories":[241,231,235],"tags":[],"class_list":{"0":"post-284021","1":"post","2":"type-post","3":"status-publish","4":"format-standard","5":"has-post-thumbnail","7":"category-aktualitet","8":"category-lajme","9":"category-vendi"},"_links":{"self":[{"href":"https:\/\/zjarr.tv\/sq\/wp-json\/wp\/v2\/posts\/284021","targetHints":{"allow":["GET"]}}],"collection":[{"href":"https:\/\/zjarr.tv\/sq\/wp-json\/wp\/v2\/posts"}],"about":[{"href":"https:\/\/zjarr.tv\/sq\/wp-json\/wp\/v2\/types\/post"}],"author":[{"embeddable":true,"href":"https:\/\/zjarr.tv\/sq\/wp-json\/wp\/v2\/users\/2031"}],"replies":[{"embeddable":true,"href":"https:\/\/zjarr.tv\/sq\/wp-json\/wp\/v2\/comments?post=284021"}],"version-history":[{"count":0,"href":"https:\/\/zjarr.tv\/sq\/wp-json\/wp\/v2\/posts\/284021\/revisions"}],"wp:featuredmedia":[{"embeddable":true,"href":"https:\/\/zjarr.tv\/sq\/wp-json\/wp\/v2\/media\/284022"}],"wp:attachment":[{"href":"https:\/\/zjarr.tv\/sq\/wp-json\/wp\/v2\/media?parent=284021"}],"wp:term":[{"taxonomy":"category","embeddable":true,"href":"https:\/\/zjarr.tv\/sq\/wp-json\/wp\/v2\/categories?post=284021"},{"taxonomy":"post_tag","embeddable":true,"href":"https:\/\/zjarr.tv\/sq\/wp-json\/wp\/v2\/tags?post=284021"}],"curies":[{"name":"wp","href":"https:\/\/api.w.org\/{rel}","templated":true}]}}