{"id":284825,"date":"2022-09-15T07:43:19","date_gmt":"2022-09-15T05:43:19","guid":{"rendered":"https:\/\/zjarr.tv\/?p=284825"},"modified":"2022-09-15T07:43:19","modified_gmt":"2022-09-15T05:43:19","slug":"makina-e-presidentit-ukrainas-volodymyr-zelenskiy-eshte-perfshire-ne-nje-aksident-ne-kiev","status":"publish","type":"post","link":"https:\/\/zjarr.tv\/sq\/makina-e-presidentit-ukrainas-volodymyr-zelenskiy-eshte-perfshire-ne-nje-aksident-ne-kiev\/","title":{"rendered":"Makina e presidentit ukrainas Volodymyr Zelenskiy \u00ebsht\u00eb p\u00ebrfshir\u00eb n\u00eb nj\u00eb aksident n\u00eb Kiev."},"content":{"rendered":"<p>Lajmin e ka b\u00ebr\u00eb me dije z\u00ebdh\u00ebn\u00ebsi i Zelenskyt, Serhii Nykyforov me an\u00eb t\u00eb nj\u00eb postim n\u00eb Facebook.<\/p>\n<p>M\u00ebsohet se Zelensky ka qen\u00eb duke udh\u00ebtuar n\u00eb Kiev, ku nj\u00eb makin\u00eb \u00ebsht\u00eb p\u00ebrplasur me mjetin e presidentiti. Kreu i ukrain\u00ebs ka marr\u00eb plag\u00eb t\u00eb lehta, nd\u00ebrsa drejtuesi i mjetit ndodhet n\u00eb spital n\u00ebn kujdesin e mjek\u00ebve.<\/p>\n<p>Autoritetet ukrainase po punojn\u00eb p\u00ebr zbardhjen e plot\u00eb t\u00eb rrethanave t\u00eb k\u00ebtij aksidenti.<\/p>\n<p>\u201cN\u00eb Kiev, nj\u00eb makin\u00eb \u00ebsht\u00eb p\u00ebrplasur me makin\u00ebn e Presidentit t\u00eb Ukrain\u00ebs dhe shoq\u00ebruesve t\u00eb tij. Mjek\u00ebt q\u00eb shoq\u00ebronin kreun e shtetit i dhan\u00eb ndihm\u00ebn e par\u00eb drejtuesit t\u00eb makin\u00ebs dhe e d\u00ebrguan n\u00eb ambulanc\u00eb. Presidenti u ekzaminua nga nj\u00eb mjek dhe nuk u konstatua asnj\u00eb l\u00ebndim serioz. Policia po heton rrethanat e aksidentit\u201d shkruan Reuters.<\/p>\n","protected":false},"excerpt":{"rendered":"<p>Lajmin e ka b\u00ebr\u00eb me dije z\u00ebdh\u00ebn\u00ebsi i Zelenskyt, Serhii Nykyforov me an\u00eb t\u00eb nj\u00eb postim n\u00eb Facebook. M\u00ebsohet se Zelensky ka qen\u00eb duke udh\u00ebtuar n\u00eb Kiev, ku nj\u00eb makin\u00eb \u00ebsht\u00eb p\u00ebrplasur me mjetin e presidentiti. Kreu i ukrain\u00ebs ka marr\u00eb plag\u00eb t\u00eb lehta, nd\u00ebrsa drejtuesi i mjetit ndodhet n\u00eb spital n\u00ebn kujdesin e mjek\u00ebve. [&hellip;]<\/p>\n","protected":false},"author":2031,"featured_media":284826,"comment_status":"closed","ping_status":"closed","sticky":false,"template":"","format":"standard","meta":{"footnotes":""},"categories":[231],"tags":[],"class_list":{"0":"post-284825","1":"post","2":"type-post","3":"status-publish","4":"format-standard","5":"has-post-thumbnail","7":"category-lajme"},"_links":{"self":[{"href":"https:\/\/zjarr.tv\/sq\/wp-json\/wp\/v2\/posts\/284825","targetHints":{"allow":["GET"]}}],"collection":[{"href":"https:\/\/zjarr.tv\/sq\/wp-json\/wp\/v2\/posts"}],"about":[{"href":"https:\/\/zjarr.tv\/sq\/wp-json\/wp\/v2\/types\/post"}],"author":[{"embeddable":true,"href":"https:\/\/zjarr.tv\/sq\/wp-json\/wp\/v2\/users\/2031"}],"replies":[{"embeddable":true,"href":"https:\/\/zjarr.tv\/sq\/wp-json\/wp\/v2\/comments?post=284825"}],"version-history":[{"count":0,"href":"https:\/\/zjarr.tv\/sq\/wp-json\/wp\/v2\/posts\/284825\/revisions"}],"wp:featuredmedia":[{"embeddable":true,"href":"https:\/\/zjarr.tv\/sq\/wp-json\/wp\/v2\/media\/284826"}],"wp:attachment":[{"href":"https:\/\/zjarr.tv\/sq\/wp-json\/wp\/v2\/media?parent=284825"}],"wp:term":[{"taxonomy":"category","embeddable":true,"href":"https:\/\/zjarr.tv\/sq\/wp-json\/wp\/v2\/categories?post=284825"},{"taxonomy":"post_tag","embeddable":true,"href":"https:\/\/zjarr.tv\/sq\/wp-json\/wp\/v2\/tags?post=284825"}],"curies":[{"name":"wp","href":"https:\/\/api.w.org\/{rel}","templated":true}]}}