{"id":285191,"date":"2022-09-15T22:24:06","date_gmt":"2022-09-15T20:24:06","guid":{"rendered":"https:\/\/zjarr.tv\/?p=285191"},"modified":"2022-09-15T22:24:06","modified_gmt":"2022-09-15T20:24:06","slug":"padia-ne-spak-per-trajtimet-estetike-te-familjes-meta-mashtrimet-nuk-kane-fund-thone-monika-ka-bere-namin-idajet-beqiri-nje-mashtrues-dhe-falsifikator-non-grata","status":"publish","type":"post","link":"https:\/\/zjarr.tv\/sq\/padia-ne-spak-per-trajtimet-estetike-te-familjes-meta-mashtrimet-nuk-kane-fund-thone-monika-ka-bere-namin-idajet-beqiri-nje-mashtrues-dhe-falsifikator-non-grata\/","title":{"rendered":"Padia n\u00eb SPAK p\u00ebr trajtimet estetike t\u00eb familjes, Meta: Mashtrimet nuk kan\u00eb fund, thon\u00eb Monika ka b\u00ebr\u00eb namin! Idajet Beqiri nj\u00eb mashtrues dhe falsifikator non-grata"},"content":{"rendered":"<p>Kryetari i Partis\u00eb s\u00eb Liris\u00eb, Ilir Meta, ka reaguar n\u00eb lidhje me akuz\u00ebn e ngritur n\u00eb SPAK nga avokati Idajet Beqiri n\u00eb lidhje me pretendimin p\u00ebr fshehjen e pasuris\u00eb, ku n\u00eb fokus jan\u00eb trajtimet estetike t\u00eb familjes s\u00eb ish-presidentit n\u00eb nj\u00eb klinik\u00eb n\u00eb San Marino.<\/p>\n<p>I ftuar n\u00eb Syri Tv, Meta u shpreh se akuzat nuk jan\u00eb aspak t\u00eb v\u00ebrteta. Madje ai shkoi dhe m\u00eb tej dhe nxori dokumentin nga klinika q\u00eb rr\u00ebzon pretendimet e avokatit, dhe ku thuhet se bashk\u00ebshortja e tij nuk ka qen\u00eb kurr\u00eb n\u00eb klinik\u00ebn n\u00eb fjal\u00eb.<\/p>\n<p>Meta nxorri dhe dokumentet ndaj padit\u00ebsit Idajet Beqiri, n\u00eb t\u00eb cilat ai rezulton i d\u00ebnuar p\u00ebr falsifikim n\u00eb koh\u00ebn e komunizmit, por dhe i d\u00ebnuar n\u00eb Belgjik\u00eb me tre pseudonimet q\u00eb  mbart.<\/p>\n<p>Meta theksoi se t\u00eb gjitha k\u00ebto sulme ndaj tij vijn\u00eb p\u00ebr t\u00eb t\u00ebrhequr v\u00ebmendjen nga incenerator\u00ebt.<\/p>\n<p>\u201cMashtrimet e tyre nuk do kan\u00eb fund. Profesioni m\u00eb i ri q\u00eb ka shprehur rilindja p\u00ebr t\u00eb shmangur v\u00ebmendja nga Incenerator\u00ebt \u00ebsht\u00eb t\u00eb pajtojn\u00eb kall\u00ebzuesit q\u00eb dihet q\u00eb jan\u00eb delikuent\u00eb. Fillojm\u00eb me at\u00eb p\u00ebr spiun.<\/p>\n<p>D\u00ebnim n\u00eb Belgjik, \u00ebsht\u00eb i d\u00ebnuar n\u00eb Belgjik\u00eb sht\u00eb d\u00ebnuar vet\u00eb me t\u00eb tre pseudonimet. Non-grata n\u00eb SHBA nga departamenti i Thesarit me t\u00eb dy emrat dhe Hidajet dhe si Hydajet. Ja dhe nga Partia e pun\u00ebs se thopt\u00eb jam d\u00ebnuar vet\u00ebm nga Berisha, ja dhe nga Partia e Pun\u00ebs ku \u00ebsht\u00eb d\u00ebnuar si falsifikator kur ka qen\u00eb kryetar Gjykate n\u00eb kruj\u00eb. Ka k\u00ebrkuar m\u00ebshir\u00eb n\u00eb gjyq ndaj partis\u00eb dhe partia prap\u00eb e ka d\u00ebnuar me burg sepse kaq falsifikator ka qen\u00eb.<\/p>\n<p>Ky \u00ebsht\u00eb kall\u00eb\u00ebzuesi n\u00eb SPAKi i mi. Paska b\u00ebr\u00eb Monika naming ja dhe deklarata e klinik\u00ebs q\u00eb kan\u00eb p\u00ebrm\u00ebndur ata mashtrues ta q\u00eb thot\u00eb q\u00eb s\u2019\u00ebsht\u00eb aspak e v\u00ebrtet dhe nuk ka ndodhur nj\u00eb gj\u00eb e till\u00eb\u201d, tha Meta.<\/p>\n","protected":false},"excerpt":{"rendered":"<p>Kryetari i Partis\u00eb s\u00eb Liris\u00eb, Ilir Meta, ka reaguar n\u00eb lidhje me akuz\u00ebn e ngritur n\u00eb SPAK nga avokati Idajet Beqiri n\u00eb lidhje me pretendimin p\u00ebr fshehjen e pasuris\u00eb, ku n\u00eb fokus jan\u00eb trajtimet estetike t\u00eb familjes s\u00eb ish-presidentit n\u00eb nj\u00eb klinik\u00eb n\u00eb San Marino. I ftuar n\u00eb Syri Tv, Meta u shpreh se akuzat [&hellip;]<\/p>\n","protected":false},"author":2031,"featured_media":285192,"comment_status":"closed","ping_status":"closed","sticky":false,"template":"","format":"standard","meta":{"footnotes":""},"categories":[241,231,235],"tags":[],"class_list":{"0":"post-285191","1":"post","2":"type-post","3":"status-publish","4":"format-standard","5":"has-post-thumbnail","7":"category-aktualitet","8":"category-lajme","9":"category-vendi"},"_links":{"self":[{"href":"https:\/\/zjarr.tv\/sq\/wp-json\/wp\/v2\/posts\/285191","targetHints":{"allow":["GET"]}}],"collection":[{"href":"https:\/\/zjarr.tv\/sq\/wp-json\/wp\/v2\/posts"}],"about":[{"href":"https:\/\/zjarr.tv\/sq\/wp-json\/wp\/v2\/types\/post"}],"author":[{"embeddable":true,"href":"https:\/\/zjarr.tv\/sq\/wp-json\/wp\/v2\/users\/2031"}],"replies":[{"embeddable":true,"href":"https:\/\/zjarr.tv\/sq\/wp-json\/wp\/v2\/comments?post=285191"}],"version-history":[{"count":0,"href":"https:\/\/zjarr.tv\/sq\/wp-json\/wp\/v2\/posts\/285191\/revisions"}],"wp:featuredmedia":[{"embeddable":true,"href":"https:\/\/zjarr.tv\/sq\/wp-json\/wp\/v2\/media\/285192"}],"wp:attachment":[{"href":"https:\/\/zjarr.tv\/sq\/wp-json\/wp\/v2\/media?parent=285191"}],"wp:term":[{"taxonomy":"category","embeddable":true,"href":"https:\/\/zjarr.tv\/sq\/wp-json\/wp\/v2\/categories?post=285191"},{"taxonomy":"post_tag","embeddable":true,"href":"https:\/\/zjarr.tv\/sq\/wp-json\/wp\/v2\/tags?post=285191"}],"curies":[{"name":"wp","href":"https:\/\/api.w.org\/{rel}","templated":true}]}}