{"id":285194,"date":"2022-09-15T22:28:08","date_gmt":"2022-09-15T20:28:08","guid":{"rendered":"https:\/\/zjarr.tv\/?p=285194"},"modified":"2022-09-15T22:28:08","modified_gmt":"2022-09-15T20:28:08","slug":"sulmet-kibernetike-ne-vendin-tone-borrell-telefonon-kryeministrin-edi-rama-be-do-te-qendroje-krah-jush-ne-rritjen-e-mbrojtjes","status":"publish","type":"post","link":"https:\/\/zjarr.tv\/sq\/sulmet-kibernetike-ne-vendin-tone-borrell-telefonon-kryeministrin-edi-rama-be-do-te-qendroje-krah-jush-ne-rritjen-e-mbrojtjes\/","title":{"rendered":"Sulmet kibernetike n\u00eb vendin ton\u00eb, Borrell telefonon kryeministrin Edi Rama: BE do t\u00eb q\u00ebndroj\u00eb krah jush n\u00eb rritjen e mbrojtjes"},"content":{"rendered":"<p>Shefi i politik\u00ebs s\u00eb jasht\u00ebm t\u00eb BE-s\u00eb, Josep Borrell ka zhvilluar nj\u00eb bised\u00eb telefonike me kryeministrin Edi Rama n\u00eb lidhje me sulmet kibernetike q\u00eb kan\u00eb goditur vendin ton\u00eb.<\/p>\n<p>Borrell shkruan se k\u00ebto k\u00ebrc\u00ebnime ndaj integritetit t\u00eb Shqip\u00ebris\u00eb jan\u00eb t\u00eb papranueshme nd\u00ebrsa shton se BE do t\u00eb q\u00ebndroj\u00eb krah asaj n\u00eb rritjen e mbrojtjes.<\/p>\n<p>\u201cBisedova me kryeministrin Edi Rama sot p\u00ebr sulmet e fundit kibernetike q\u00eb kan\u00eb goditur Shqip\u00ebrin\u00eb.<\/p>\n<p>K\u00ebto k\u00ebrc\u00ebnime ndaj integritetit dhe siguris\u00eb s\u00eb Shqip\u00ebris\u00eb dhe p\u00ebrpjekjet p\u00ebr t\u00eb minuar institucionet dhe shoq\u00ebrit\u00eb demokratike jan\u00eb t\u00eb papranueshme. BE do t\u00eb q\u00ebndroj\u00eb n\u00eb krah t\u00eb Shqip\u00ebris\u00eb n\u00eb rritjen e mbrojtjes kibernetike\u201d, shkruan Borrell.<\/p>\n","protected":false},"excerpt":{"rendered":"<p>Shefi i politik\u00ebs s\u00eb jasht\u00ebm t\u00eb BE-s\u00eb, Josep Borrell ka zhvilluar nj\u00eb bised\u00eb telefonike me kryeministrin Edi Rama n\u00eb lidhje me sulmet kibernetike q\u00eb kan\u00eb goditur vendin ton\u00eb. Borrell shkruan se k\u00ebto k\u00ebrc\u00ebnime ndaj integritetit t\u00eb Shqip\u00ebris\u00eb jan\u00eb t\u00eb papranueshme nd\u00ebrsa shton se BE do t\u00eb q\u00ebndroj\u00eb krah asaj n\u00eb rritjen e mbrojtjes. \u201cBisedova me [&hellip;]<\/p>\n","protected":false},"author":2031,"featured_media":285195,"comment_status":"closed","ping_status":"closed","sticky":false,"template":"","format":"standard","meta":{"footnotes":""},"categories":[241,231],"tags":[],"class_list":{"0":"post-285194","1":"post","2":"type-post","3":"status-publish","4":"format-standard","5":"has-post-thumbnail","7":"category-aktualitet","8":"category-lajme"},"_links":{"self":[{"href":"https:\/\/zjarr.tv\/sq\/wp-json\/wp\/v2\/posts\/285194","targetHints":{"allow":["GET"]}}],"collection":[{"href":"https:\/\/zjarr.tv\/sq\/wp-json\/wp\/v2\/posts"}],"about":[{"href":"https:\/\/zjarr.tv\/sq\/wp-json\/wp\/v2\/types\/post"}],"author":[{"embeddable":true,"href":"https:\/\/zjarr.tv\/sq\/wp-json\/wp\/v2\/users\/2031"}],"replies":[{"embeddable":true,"href":"https:\/\/zjarr.tv\/sq\/wp-json\/wp\/v2\/comments?post=285194"}],"version-history":[{"count":0,"href":"https:\/\/zjarr.tv\/sq\/wp-json\/wp\/v2\/posts\/285194\/revisions"}],"wp:featuredmedia":[{"embeddable":true,"href":"https:\/\/zjarr.tv\/sq\/wp-json\/wp\/v2\/media\/285195"}],"wp:attachment":[{"href":"https:\/\/zjarr.tv\/sq\/wp-json\/wp\/v2\/media?parent=285194"}],"wp:term":[{"taxonomy":"category","embeddable":true,"href":"https:\/\/zjarr.tv\/sq\/wp-json\/wp\/v2\/categories?post=285194"},{"taxonomy":"post_tag","embeddable":true,"href":"https:\/\/zjarr.tv\/sq\/wp-json\/wp\/v2\/tags?post=285194"}],"curies":[{"name":"wp","href":"https:\/\/api.w.org\/{rel}","templated":true}]}}