{"id":287982,"date":"2022-09-26T11:25:55","date_gmt":"2022-09-26T09:25:55","guid":{"rendered":"https:\/\/zjarr.tv\/?p=287982"},"modified":"2022-09-26T11:25:55","modified_gmt":"2022-09-26T09:25:55","slug":"mbyll-nje-shkolle-hap-nje-dere-burgu-nxeneset-e-kolegjit-mehmet-akif-proteste-para-kryeministrise-bashkohuni-o-popull-se-po-na-shkelin-me-kembe","status":"publish","type":"post","link":"https:\/\/zjarr.tv\/sq\/mbyll-nje-shkolle-hap-nje-dere-burgu-nxeneset-e-kolegjit-mehmet-akif-proteste-para-kryeministrise-bashkohuni-o-popull-se-po-na-shkelin-me-kembe\/","title":{"rendered":"\u201cMbyll nj\u00eb shkoll\u00eb, hap nj\u00eb der\u00eb burgu\u201d, nx\u00ebn\u00ebset e kolegjit \u201cMehmet Akif\u201d protest\u00eb para Kryeministris\u00eb: Bashkohuni o popull se po na shkelin me k\u00ebmb\u00eb!"},"content":{"rendered":"<p>Me thirrje t\u00eb forta kund\u00ebr qeveris\u00eb dhe banderola n\u00eb duar, nx\u00ebn\u00ebset e shkoll\u00ebs \u201cMehmet Akif\u201d i jan\u00eb drejtuar Kryeministris\u00eb, p\u00ebr t\u00eb \u00e7uar z\u00ebrin e tyre t\u00eb protest\u00ebs posht\u00eb zyr\u00ebs s\u00eb kryeministrit Edi Rama.<\/p>\n<p>Me pankarta dhe thirrje si; \u201cmbyll nj\u00eb der\u00eb shkoll\u00eb, hap nj\u00eb der\u00eb burgu\u2019 apo \u2018Po godisni brezin e ardhsh\u00ebm\u2019, protestueset ec\u00ebn p\u00ebrgjat\u00eb rrug\u00ebs s\u00eb Durr\u00ebsit, dhe u stacionuan para Kryeministris\u00eb, duke kund\u00ebrshtuar k\u00ebshtu vendimin p\u00ebr mbylljen e kolegjit.<\/p>\n<p>M\u00eb her\u00ebt ato ishin n\u00eb protest\u00eb para Ministris\u00eb s\u00eb Arsimit.<\/p>\n","protected":false},"excerpt":{"rendered":"<p>Me thirrje t\u00eb forta kund\u00ebr qeveris\u00eb dhe banderola n\u00eb duar, nx\u00ebn\u00ebset e shkoll\u00ebs \u201cMehmet Akif\u201d i jan\u00eb drejtuar Kryeministris\u00eb, p\u00ebr t\u00eb \u00e7uar z\u00ebrin e tyre t\u00eb protest\u00ebs posht\u00eb zyr\u00ebs s\u00eb kryeministrit Edi Rama. Me pankarta dhe thirrje si; \u201cmbyll nj\u00eb der\u00eb shkoll\u00eb, hap nj\u00eb der\u00eb burgu\u2019 apo \u2018Po godisni brezin e ardhsh\u00ebm\u2019, protestueset ec\u00ebn p\u00ebrgjat\u00eb [&hellip;]<\/p>\n","protected":false},"author":2037,"featured_media":287983,"comment_status":"closed","ping_status":"closed","sticky":false,"template":"","format":"standard","meta":{"footnotes":""},"categories":[241,231,235],"tags":[],"class_list":{"0":"post-287982","1":"post","2":"type-post","3":"status-publish","4":"format-standard","5":"has-post-thumbnail","7":"category-aktualitet","8":"category-lajme","9":"category-vendi"},"_links":{"self":[{"href":"https:\/\/zjarr.tv\/sq\/wp-json\/wp\/v2\/posts\/287982","targetHints":{"allow":["GET"]}}],"collection":[{"href":"https:\/\/zjarr.tv\/sq\/wp-json\/wp\/v2\/posts"}],"about":[{"href":"https:\/\/zjarr.tv\/sq\/wp-json\/wp\/v2\/types\/post"}],"author":[{"embeddable":true,"href":"https:\/\/zjarr.tv\/sq\/wp-json\/wp\/v2\/users\/2037"}],"replies":[{"embeddable":true,"href":"https:\/\/zjarr.tv\/sq\/wp-json\/wp\/v2\/comments?post=287982"}],"version-history":[{"count":0,"href":"https:\/\/zjarr.tv\/sq\/wp-json\/wp\/v2\/posts\/287982\/revisions"}],"wp:featuredmedia":[{"embeddable":true,"href":"https:\/\/zjarr.tv\/sq\/wp-json\/wp\/v2\/media\/287983"}],"wp:attachment":[{"href":"https:\/\/zjarr.tv\/sq\/wp-json\/wp\/v2\/media?parent=287982"}],"wp:term":[{"taxonomy":"category","embeddable":true,"href":"https:\/\/zjarr.tv\/sq\/wp-json\/wp\/v2\/categories?post=287982"},{"taxonomy":"post_tag","embeddable":true,"href":"https:\/\/zjarr.tv\/sq\/wp-json\/wp\/v2\/tags?post=287982"}],"curies":[{"name":"wp","href":"https:\/\/api.w.org\/{rel}","templated":true}]}}