{"id":288430,"date":"2022-09-27T17:05:20","date_gmt":"2022-09-27T15:05:20","guid":{"rendered":"https:\/\/zjarr.tv\/?p=288430"},"modified":"2022-09-27T17:05:20","modified_gmt":"2022-09-27T15:05:20","slug":"rama-mbledh-kryesine-e-ps-se-nga-organizimi-per-zgjedhjet-lokale-tek-nisma-per-bashkepunetoret-e-ish-sigurimit-cfare-pritet-te-diskutohet","status":"publish","type":"post","link":"https:\/\/zjarr.tv\/sq\/rama-mbledh-kryesine-e-ps-se-nga-organizimi-per-zgjedhjet-lokale-tek-nisma-per-bashkepunetoret-e-ish-sigurimit-cfare-pritet-te-diskutohet\/","title":{"rendered":"Rama mbledh Kryesin\u00eb e PS-s\u00eb\/ Nga organizimi p\u00ebr zgjedhjet lokale tek nisma p\u00ebr bashk\u00ebpun\u00ebtor\u00ebt e ish-sigurimit, \u00e7far\u00eb pritet t\u00eb diskutohet"},"content":{"rendered":"<p>Kryeministri Edi Rama do t\u00eb zhvilloj\u00eb sot mbledhje t\u00eb Kryesis\u00eb s\u00eb Partis\u00eb Socialiste. Takimi do t\u00eb nis\u00eb n\u00eb or\u00ebn 18:00 n\u00eb selin\u00eb roz\u00eb.<\/p>\n<p><span data-preserver-spaces=\"true\">Panorama.al m\u00ebson se pjes\u00eb e diskutimeve do t\u00eb jet\u00eb organizimi p\u00ebr zgjedhjet lokale q\u00eb do t\u00eb zhvillohen vitin e ardhsh\u00ebm.<\/span><\/p>\n<p><span data-preserver-spaces=\"true\">Fillimisht do t\u00eb diskutohet procesi i zgjedhjes s\u00eb kandidat\u00ebve p\u00ebr bashkit\u00eb e vendit. Kujtojm\u00eb se kryeministri Rama ka deklaruar se vet\u00ebm kryebashkiaku i Tiran\u00ebs, Erion Veliaj ka t\u00eb drejt\u00eb p\u00ebr rikandidim.<\/span><\/p>\n<p><span data-preserver-spaces=\"true\">Nj\u00eb pik\u00eb tjet\u00ebr e r\u00ebnd\u00ebsishme \u00ebsht\u00eb caktimi i dat\u00ebs s\u00eb mbledhjes s\u00eb Asambles\u00eb s\u00eb P\u00ebrgjithshme t\u00eb PS-s\u00eb, si dhe ndryshimet p\u00ebr drejtuesit e qarqeve.<\/span><\/p>\n<p><span data-preserver-spaces=\"true\">S\u00eb fundmi, pjes\u00eb e mbledhjes do t\u00eb jet\u00eb edhe nisma p\u00ebr dekomunistizimin.<\/span><\/p>\n","protected":false},"excerpt":{"rendered":"<p>Kryeministri Edi Rama do t\u00eb zhvilloj\u00eb sot mbledhje t\u00eb Kryesis\u00eb s\u00eb Partis\u00eb Socialiste. Takimi do t\u00eb nis\u00eb n\u00eb or\u00ebn 18:00 n\u00eb selin\u00eb roz\u00eb. Panorama.al m\u00ebson se pjes\u00eb e diskutimeve do t\u00eb jet\u00eb organizimi p\u00ebr zgjedhjet lokale q\u00eb do t\u00eb zhvillohen vitin e ardhsh\u00ebm. Fillimisht do t\u00eb diskutohet procesi i zgjedhjes s\u00eb kandidat\u00ebve p\u00ebr bashkit\u00eb e [&hellip;]<\/p>\n","protected":false},"author":2020,"featured_media":288431,"comment_status":"closed","ping_status":"closed","sticky":false,"template":"","format":"standard","meta":{"footnotes":""},"categories":[241,5380,231],"tags":[],"class_list":{"0":"post-288430","1":"post","2":"type-post","3":"status-publish","4":"format-standard","5":"has-post-thumbnail","7":"category-aktualitet","8":"category-kryesore","9":"category-lajme"},"_links":{"self":[{"href":"https:\/\/zjarr.tv\/sq\/wp-json\/wp\/v2\/posts\/288430","targetHints":{"allow":["GET"]}}],"collection":[{"href":"https:\/\/zjarr.tv\/sq\/wp-json\/wp\/v2\/posts"}],"about":[{"href":"https:\/\/zjarr.tv\/sq\/wp-json\/wp\/v2\/types\/post"}],"author":[{"embeddable":true,"href":"https:\/\/zjarr.tv\/sq\/wp-json\/wp\/v2\/users\/2020"}],"replies":[{"embeddable":true,"href":"https:\/\/zjarr.tv\/sq\/wp-json\/wp\/v2\/comments?post=288430"}],"version-history":[{"count":0,"href":"https:\/\/zjarr.tv\/sq\/wp-json\/wp\/v2\/posts\/288430\/revisions"}],"wp:featuredmedia":[{"embeddable":true,"href":"https:\/\/zjarr.tv\/sq\/wp-json\/wp\/v2\/media\/288431"}],"wp:attachment":[{"href":"https:\/\/zjarr.tv\/sq\/wp-json\/wp\/v2\/media?parent=288430"}],"wp:term":[{"taxonomy":"category","embeddable":true,"href":"https:\/\/zjarr.tv\/sq\/wp-json\/wp\/v2\/categories?post=288430"},{"taxonomy":"post_tag","embeddable":true,"href":"https:\/\/zjarr.tv\/sq\/wp-json\/wp\/v2\/tags?post=288430"}],"curies":[{"name":"wp","href":"https:\/\/api.w.org\/{rel}","templated":true}]}}