{"id":288433,"date":"2022-09-27T17:15:23","date_gmt":"2022-09-27T15:15:23","guid":{"rendered":"https:\/\/zjarr.tv\/?p=288433"},"modified":"2022-09-27T17:15:23","modified_gmt":"2022-09-27T15:15:23","slug":"humbet-boterorin-fifa-i-paguan-20-mije-euro-ne-dite-barcelones-per-demtimin-e-mbrojtesit","status":"publish","type":"post","link":"https:\/\/zjarr.tv\/sq\/humbet-boterorin-fifa-i-paguan-20-mije-euro-ne-dite-barcelones-per-demtimin-e-mbrojtesit\/","title":{"rendered":"Humbet Bot\u00ebrorin, FIFA i paguan 20 mij\u00eb euro n\u00eb dit\u00eb Barcelon\u00ebs p\u00ebr d\u00ebmtimin e mbrojt\u00ebsit"},"content":{"rendered":"<p>Ronald Arauho e ka vendosur, do t\u00eb operohet. Mbrojt\u00ebsi i Barcelon\u00ebs u d\u00ebmtua me komb\u00ebtaren e vendit t\u00eb tij, Uruguain n\u00eb miq\u00ebsoren p\u00ebrball\u00eb Iranit fundjav\u00ebn e kaluar.<\/p>\n<p><span data-preserver-spaces=\"true\">Sipas mediave spanjolle, ai do t\u00eb operohet sot n\u00eb Finland\u00eb dhe parashikohet q\u00eb t\u00eb q\u00ebndroj\u00eb jasht\u00eb fushave p\u00ebr t\u00eb pakt\u00ebn 3 muaj. Kjo do t\u00eb thot\u00eb se ai do t\u00eb mungoj\u00eb n\u00eb kampionatin bot\u00ebror n\u00eb Katar.<\/span><\/p>\n<p><span data-preserver-spaces=\"true\">Nd\u00ebrkaq, mediat spanjolle kan\u00eb n\u00ebnvizuar se FIFA do t\u2019i paguaj\u00eb nj\u00eb d\u00ebmshp\u00ebrblim t\u00eb majm\u00eb Barcelon\u00ebs p\u00ebr d\u00ebmtimin e Arauhos. Llogaritet q\u00eb FIFA t\u00eb paguaj\u00eb 20458 euro p\u00ebr \u00e7do dit\u00eb, teksa n\u00eb maksimum, shuma mund t\u00eb arrij\u00eb deri n\u00eb 7.5 milion\u00eb euro!<\/span><\/p>\n<p>PANORAMASPORT.AL<\/p>\n","protected":false},"excerpt":{"rendered":"<p>Ronald Arauho e ka vendosur, do t\u00eb operohet. Mbrojt\u00ebsi i Barcelon\u00ebs u d\u00ebmtua me komb\u00ebtaren e vendit t\u00eb tij, Uruguain n\u00eb miq\u00ebsoren p\u00ebrball\u00eb Iranit fundjav\u00ebn e kaluar. Sipas mediave spanjolle, ai do t\u00eb operohet sot n\u00eb Finland\u00eb dhe parashikohet q\u00eb t\u00eb q\u00ebndroj\u00eb jasht\u00eb fushave p\u00ebr t\u00eb pakt\u00ebn 3 muaj. Kjo do t\u00eb thot\u00eb se ai [&hellip;]<\/p>\n","protected":false},"author":2020,"featured_media":288434,"comment_status":"closed","ping_status":"closed","sticky":false,"template":"","format":"standard","meta":{"footnotes":""},"categories":[241,5380,231],"tags":[],"class_list":{"0":"post-288433","1":"post","2":"type-post","3":"status-publish","4":"format-standard","5":"has-post-thumbnail","7":"category-aktualitet","8":"category-kryesore","9":"category-lajme"},"_links":{"self":[{"href":"https:\/\/zjarr.tv\/sq\/wp-json\/wp\/v2\/posts\/288433","targetHints":{"allow":["GET"]}}],"collection":[{"href":"https:\/\/zjarr.tv\/sq\/wp-json\/wp\/v2\/posts"}],"about":[{"href":"https:\/\/zjarr.tv\/sq\/wp-json\/wp\/v2\/types\/post"}],"author":[{"embeddable":true,"href":"https:\/\/zjarr.tv\/sq\/wp-json\/wp\/v2\/users\/2020"}],"replies":[{"embeddable":true,"href":"https:\/\/zjarr.tv\/sq\/wp-json\/wp\/v2\/comments?post=288433"}],"version-history":[{"count":0,"href":"https:\/\/zjarr.tv\/sq\/wp-json\/wp\/v2\/posts\/288433\/revisions"}],"wp:featuredmedia":[{"embeddable":true,"href":"https:\/\/zjarr.tv\/sq\/wp-json\/wp\/v2\/media\/288434"}],"wp:attachment":[{"href":"https:\/\/zjarr.tv\/sq\/wp-json\/wp\/v2\/media?parent=288433"}],"wp:term":[{"taxonomy":"category","embeddable":true,"href":"https:\/\/zjarr.tv\/sq\/wp-json\/wp\/v2\/categories?post=288433"},{"taxonomy":"post_tag","embeddable":true,"href":"https:\/\/zjarr.tv\/sq\/wp-json\/wp\/v2\/tags?post=288433"}],"curies":[{"name":"wp","href":"https:\/\/api.w.org\/{rel}","templated":true}]}}