{"id":288436,"date":"2022-09-27T17:23:13","date_gmt":"2022-09-27T15:23:13","guid":{"rendered":"https:\/\/zjarr.tv\/?p=288436"},"modified":"2022-09-27T17:23:13","modified_gmt":"2022-09-27T15:23:13","slug":"arsyet-pse-mbreteresha-elisabeth-kishte-lekure-kaq-te-bukur-deri-ne-moshen-96-vjecare","status":"publish","type":"post","link":"https:\/\/zjarr.tv\/sq\/arsyet-pse-mbreteresha-elisabeth-kishte-lekure-kaq-te-bukur-deri-ne-moshen-96-vjecare\/","title":{"rendered":"Arsyet pse Mbret\u00ebresha Elisabeth kishte l\u00ebkur\u00eb kaq t\u00eb bukur deri n\u00eb mosh\u00ebn 96-vje\u00e7are"},"content":{"rendered":"<p>PANORAMA PLUS\/ Mbret\u00ebresha Elisabeth edhe n\u00eb mosh\u00ebn 96-vje\u00e7are kur u nda nga jeta kishte arritur t\u00eb mbante nj\u00eb l\u00ebkur\u00eb prej porcelani dhe rrezatuese. L\u00ebkura e bukur e Mbret\u00ebresh\u00ebs e b\u00ebnte at\u00eb t\u00eb dukej shum\u00eb m\u00eb ere dhe duket se ajo kishte sekretet e saj p\u00ebr t\u00eb mbajtur nj\u00eb l\u00ebkur\u00eb gjithmon\u00eb t\u00eb fresk\u00ebt.<\/p>\n<p>Ajri i past\u00ebr n\u00eb Balmoral i dha asaj nj\u00eb shk\u00eblqim natyral<\/p>\n<p><span data-preserver-spaces=\"true\">Sigurisht, kur kalojm\u00eb shumic\u00ebn e dit\u00ebve t\u00eb mbyllur n\u00eb nj\u00eb zyr\u00eb, ku nuk ka oksigjen t\u00eb fresk\u00ebt dhe l\u00ebkura jon\u00eb \u00ebsht\u00eb e ekspozuar ndaj ajrit t\u00eb kondicionuar, \u00ebsht\u00eb shum\u00eb e arsyeshme q\u00eb l\u00ebkura jon\u00eb t\u00eb jet\u00eb e zbeht\u00eb. P\u00ebrkundrazi, do ta keni v\u00ebn\u00eb re se sa e sh\u00ebndetshme dhe rrezatuese duket l\u00ebkura jon\u00eb kur shkojm\u00eb me pushime ose jemi n\u00eb fshat edhe p\u00ebr nj\u00eb fundjav\u00eb, ku ajri \u00ebsht\u00eb m\u00eb i past\u00ebr. N\u00eb nj\u00ebfar\u00eb m\u00ebnyre, at\u00ebher\u00eb, nd\u00ebrsa Mbret\u00ebresha Elisabeth kishte kaluar dit\u00eb t\u00eb panum\u00ebrta n\u00eb pronat e saj t\u00eb vendit, kjo ishte di\u00e7ka q\u00eb i kishte p\u00ebrfituar pa mas\u00eb l\u00ebkur\u00ebs s\u00eb saj gjat\u00eb viteve.<\/span><\/p>\n<p>Mbrojti l\u00ebkur\u00ebn nga dielli<\/p>\n<p><span data-preserver-spaces=\"true\">L\u00ebkura prej porcelani e Mbret\u00ebresh\u00ebs Elisabeth ishte nj\u00eb shenj\u00eb e qart\u00eb se ajo ishte shum\u00eb e kujdesshme ndaj ekspozimit n\u00eb diell. E mbuluar gjithmon\u00eb me kapele dhe \u00e7adra p\u00ebr t\u2019u mbrojtur nga rrezet e d\u00ebmshme UV, mungesa e ekspozimit ndaj diellit t\u00eb d\u00ebmsh\u00ebm ishte arsyeja kryesore pse l\u00ebkura e saj kishte kaq pak rrudha dhe asnj\u00eb njoll\u00eb.<\/span><\/p>\n","protected":false},"excerpt":{"rendered":"<p>PANORAMA PLUS\/ Mbret\u00ebresha Elisabeth edhe n\u00eb mosh\u00ebn 96-vje\u00e7are kur u nda nga jeta kishte arritur t\u00eb mbante nj\u00eb l\u00ebkur\u00eb prej porcelani dhe rrezatuese. L\u00ebkura e bukur e Mbret\u00ebresh\u00ebs e b\u00ebnte at\u00eb t\u00eb dukej shum\u00eb m\u00eb ere dhe duket se ajo kishte sekretet e saj p\u00ebr t\u00eb mbajtur nj\u00eb l\u00ebkur\u00eb gjithmon\u00eb t\u00eb fresk\u00ebt. Ajri i past\u00ebr [&hellip;]<\/p>\n","protected":false},"author":2020,"featured_media":288438,"comment_status":"closed","ping_status":"closed","sticky":false,"template":"","format":"standard","meta":{"footnotes":""},"categories":[241,231],"tags":[],"class_list":{"0":"post-288436","1":"post","2":"type-post","3":"status-publish","4":"format-standard","5":"has-post-thumbnail","7":"category-aktualitet","8":"category-lajme"},"_links":{"self":[{"href":"https:\/\/zjarr.tv\/sq\/wp-json\/wp\/v2\/posts\/288436","targetHints":{"allow":["GET"]}}],"collection":[{"href":"https:\/\/zjarr.tv\/sq\/wp-json\/wp\/v2\/posts"}],"about":[{"href":"https:\/\/zjarr.tv\/sq\/wp-json\/wp\/v2\/types\/post"}],"author":[{"embeddable":true,"href":"https:\/\/zjarr.tv\/sq\/wp-json\/wp\/v2\/users\/2020"}],"replies":[{"embeddable":true,"href":"https:\/\/zjarr.tv\/sq\/wp-json\/wp\/v2\/comments?post=288436"}],"version-history":[{"count":0,"href":"https:\/\/zjarr.tv\/sq\/wp-json\/wp\/v2\/posts\/288436\/revisions"}],"wp:featuredmedia":[{"embeddable":true,"href":"https:\/\/zjarr.tv\/sq\/wp-json\/wp\/v2\/media\/288438"}],"wp:attachment":[{"href":"https:\/\/zjarr.tv\/sq\/wp-json\/wp\/v2\/media?parent=288436"}],"wp:term":[{"taxonomy":"category","embeddable":true,"href":"https:\/\/zjarr.tv\/sq\/wp-json\/wp\/v2\/categories?post=288436"},{"taxonomy":"post_tag","embeddable":true,"href":"https:\/\/zjarr.tv\/sq\/wp-json\/wp\/v2\/tags?post=288436"}],"curies":[{"name":"wp","href":"https:\/\/api.w.org\/{rel}","templated":true}]}}