{"id":288440,"date":"2022-09-27T17:27:32","date_gmt":"2022-09-27T15:27:32","guid":{"rendered":"https:\/\/zjarr.tv\/?p=288440"},"modified":"2022-09-27T17:27:32","modified_gmt":"2022-09-27T15:27:32","slug":"shqiperia-ne-rrezik-berisha-sulmon-qeverine-nga-gramshi-sot-shqiptaret-jane-30-me-te-varfer-se-ne-vitin-2013","status":"publish","type":"post","link":"https:\/\/zjarr.tv\/sq\/shqiperia-ne-rrezik-berisha-sulmon-qeverine-nga-gramshi-sot-shqiptaret-jane-30-me-te-varfer-se-ne-vitin-2013\/","title":{"rendered":"\u201cShqip\u00ebria n\u00eb rrezik\u201d\/ Berisha sulmon qeverin\u00eb nga Gramshi: Sot shqiptar\u00ebt jan\u00eb 30% m\u00eb t\u00eb varf\u00ebr se n\u00eb vitin 2013"},"content":{"rendered":"<p>Ish-kryeministri Sali Berisha sulmoi nga Gramshi qeverin\u00eb Rama n\u00eb lidhje me gjendjen ekonomike ku ndodhet vendi.<\/p>\n<p><span data-preserver-spaces=\"true\">Gjat\u00eb takimit t\u00eb mbajtur me qytetar\u00eb t\u00eb Gramshit n\u00eb kuad\u00ebr t\u00eb turit \u201cShqip\u00ebria n\u00eb rrezik\u201d, Berisha theksoi se sot qytetar\u00ebt jan\u00eb 30% m\u00eb t\u00eb varf\u00ebr se n\u00eb vitin 2013, n\u00eb nj\u00eb koh\u00eb kur duhet t\u00eb ishin dy her\u00eb m\u00eb t\u00eb kamur.<\/span><\/p>\n<p><span data-preserver-spaces=\"true\">\u201cShpreh k\u00ebnaq\u00ebsin\u00eb q\u00eb jam sot k\u00ebtu te ju dhe gjithashtu shpreh bindjen se sot qytetar\u00ebt e Gramshit dhe t\u00eb mbar\u00eb Shqip\u00ebris\u00eb pavar\u00ebsisht nga bindjet partiake ndjekin me dhimbje dhe keqardhje shkret\u00ebtimin e shoq\u00ebris\u00eb s\u00eb tyre, t\u00eb kombit t\u00eb tyre, n\u00eb kuptimin e shpopullimit t\u00eb shpejt\u00eb dhe marramend\u00ebs. N\u00eb kuptimin e nj\u00eb varf\u00ebrie q\u00eb nuk pak\u00ebsohet por vet\u00ebm q\u00eb rritet, n\u00eb kuptimin e zhvillimit t\u00eb disa dukurive si masivizimi i drog\u00ebs, nxjerrjen e emrit ton\u00eb si shqiptar dhe p\u00ebrfaq\u00ebsimin ton\u00eb p\u00ebr fat t\u00eb keq n\u00eb bot\u00eb me emra organizatash kriminale. Sot shqiptar\u00ebt jan\u00eb t\u00eb pakt\u00ebn 20-30% m\u00eb t\u00eb varf\u00ebr se\u00e7 ishin n\u00eb vitin 2013, n\u00eb nj\u00eb koh\u00eb kur duhet t\u00eb ishin dy her\u00eb m\u00eb t\u00eb m\u00ebk\u00ebmbur se sa n\u00eb vitin 2013. T\u00eb dashur miq koha matet me zhvillimet q\u00eb ndodhin gjat\u00eb saj, po t\u00eb pyesim veten \u00e7far\u00eb zhvillimesh kan\u00eb ndodhur k\u00ebto 8 vite n\u00eb rrethin e Gramshit, p\u00ebrve\u00e7 projektit t\u00eb Devollit, q\u00eb ka qen\u00eb i miratuar n\u00eb qeverin\u00eb e m\u00ebparshme, asgj\u00eb nuk ka ndodhur\u201d, tha Berisha.<\/span><\/p>\n","protected":false},"excerpt":{"rendered":"<p>Ish-kryeministri Sali Berisha sulmoi nga Gramshi qeverin\u00eb Rama n\u00eb lidhje me gjendjen ekonomike ku ndodhet vendi. Gjat\u00eb takimit t\u00eb mbajtur me qytetar\u00eb t\u00eb Gramshit n\u00eb kuad\u00ebr t\u00eb turit \u201cShqip\u00ebria n\u00eb rrezik\u201d, Berisha theksoi se sot qytetar\u00ebt jan\u00eb 30% m\u00eb t\u00eb varf\u00ebr se n\u00eb vitin 2013, n\u00eb nj\u00eb koh\u00eb kur duhet t\u00eb ishin dy her\u00eb m\u00eb [&hellip;]<\/p>\n","protected":false},"author":2020,"featured_media":201706,"comment_status":"closed","ping_status":"closed","sticky":false,"template":"","format":"standard","meta":{"footnotes":""},"categories":[241,5380,231],"tags":[],"class_list":{"0":"post-288440","1":"post","2":"type-post","3":"status-publish","4":"format-standard","5":"has-post-thumbnail","7":"category-aktualitet","8":"category-kryesore","9":"category-lajme"},"_links":{"self":[{"href":"https:\/\/zjarr.tv\/sq\/wp-json\/wp\/v2\/posts\/288440","targetHints":{"allow":["GET"]}}],"collection":[{"href":"https:\/\/zjarr.tv\/sq\/wp-json\/wp\/v2\/posts"}],"about":[{"href":"https:\/\/zjarr.tv\/sq\/wp-json\/wp\/v2\/types\/post"}],"author":[{"embeddable":true,"href":"https:\/\/zjarr.tv\/sq\/wp-json\/wp\/v2\/users\/2020"}],"replies":[{"embeddable":true,"href":"https:\/\/zjarr.tv\/sq\/wp-json\/wp\/v2\/comments?post=288440"}],"version-history":[{"count":0,"href":"https:\/\/zjarr.tv\/sq\/wp-json\/wp\/v2\/posts\/288440\/revisions"}],"wp:featuredmedia":[{"embeddable":true,"href":"https:\/\/zjarr.tv\/sq\/wp-json\/wp\/v2\/media\/201706"}],"wp:attachment":[{"href":"https:\/\/zjarr.tv\/sq\/wp-json\/wp\/v2\/media?parent=288440"}],"wp:term":[{"taxonomy":"category","embeddable":true,"href":"https:\/\/zjarr.tv\/sq\/wp-json\/wp\/v2\/categories?post=288440"},{"taxonomy":"post_tag","embeddable":true,"href":"https:\/\/zjarr.tv\/sq\/wp-json\/wp\/v2\/tags?post=288440"}],"curies":[{"name":"wp","href":"https:\/\/api.w.org\/{rel}","templated":true}]}}