{"id":288442,"date":"2022-09-27T17:34:05","date_gmt":"2022-09-27T15:34:05","guid":{"rendered":"https:\/\/zjarr.tv\/?p=288442"},"modified":"2022-09-27T17:34:05","modified_gmt":"2022-09-27T15:34:05","slug":"kjo-qeveri-nuk-ka-asnje-lidhje-me-qytetaret-berisha-gjate-takimit-ne-gramsh-cfare-zgjidhi-gjiknuri-ne-kete-rreth-vodhi-votat-dhe-ia-mbathi","status":"publish","type":"post","link":"https:\/\/zjarr.tv\/sq\/kjo-qeveri-nuk-ka-asnje-lidhje-me-qytetaret-berisha-gjate-takimit-ne-gramsh-cfare-zgjidhi-gjiknuri-ne-kete-rreth-vodhi-votat-dhe-ia-mbathi\/","title":{"rendered":"\u201cKjo qeveri nuk ka asnj\u00eb lidhje me qytetar\u00ebt\u201d\/ Berisha gjat\u00eb takimit n\u00eb Gramsh: \u00c7far\u00eb zgjidhi Gjiknuri n\u00eb k\u00ebt\u00eb rreth? Vodhi votat dhe ia mbathi"},"content":{"rendered":"<p>Ish-kryeministri Sali Berisha, gjat\u00eb takimit me qytetar\u00ebt e Gramshit ka akuzuar qeverin\u00eb se nuk ka b\u00ebr\u00eb asgj\u00eb p\u00ebr qytetar\u00ebt e k\u00ebtij rrethi.<\/p>\n<p><span data-preserver-spaces=\"true\">Berisha ka akuzuar Sekretarin e P\u00ebrgjithsh\u00ebm t\u00eb PS-s\u00eb, Damian Gjiknurin se ai shkoi n\u00eb Gramsh vet\u00ebm p\u00ebr t\u00eb vjedhur votat e m\u00eb pas ia mbathi.<\/span><\/p>\n<p>Berisha:\u00a0Gramshi ka shum\u00eb pasuri natyrore. Nj\u00eb kilomet\u00ebr rrug\u00eb n\u00eb drejtim t\u00eb saj nuk \u00ebsht\u00eb nd\u00ebrtuar nga Edi Rama. Gramshi \u00ebsht\u00eb nj\u00eb rreth i harruar totalisht nga kjo qeveri e cila mban ndaj qytetar\u00ebve shqiptar\u00eb nj\u00eb q\u00ebndrim shp\u00ebrfill\u00ebs, nj\u00eb q\u00ebndrim \u00e7njer\u00ebzor, fermer\u00ebve shqiptar\u00eb nj\u00eb q\u00ebndrim armiq\u00ebsor. Faktikisht, t\u00eb themi t\u00eb v\u00ebrtet\u00ebn, zhvillimet n\u00eb fush\u00ebn e bujq\u00ebsis\u00eb k\u00ebto vite jan\u00eb dramatike.<\/p>\n<p>Ka nj\u00eb pak\u00ebsim nga viti 2018 deri m\u00eb sot t\u00eb krer\u00ebve, gjedh\u00ebve dhe blegtoris\u00eb t\u00eb jasht\u00ebzakonsh\u00ebm. Sot, v\u00ebrshojn\u00eb mbi tregun ton\u00eb, prodhimet serbe, qum\u00ebshti pluhur nga Sertbia. Nd\u00ebrkoh\u00eb t\u00eb gjitha ato prodhoheshin n\u00eb vend. N\u00eb 2012-2013 n\u00eb u b\u00ebm\u00eb p\u00ebr her\u00eb t\u00eb par\u00eb eksportues qum\u00ebshti. Qeveria nuk ka lidhje me qytetar\u00ebt.<\/p>\n<p>Nj\u00eb dit\u00eb n\u00eb parlament, jo pa q\u00ebllim u ula n\u00eb krahun e deputet\u00ebve socialist\u00eb dhe ua thash\u00eb n\u00eb platform, u ula p\u00ebr t\u2019u th\u00ebn\u00eb socialist\u00ebve se z\u00ebrin e v\u00ebrtet\u00eb tuaj e p\u00ebrfaq\u00ebsojm\u00eb ne q\u00eb trajtojm\u00eb nevojat e qytetar\u00ebve shqiptar\u00eb. \u00c7far\u00eb zgjidhi Gjiknuri n\u00eb k\u00ebt\u00eb rreth, vodhi votat dhe ia mbathi.<\/p>\n<p>Kjo \u00ebsht\u00eb e v\u00ebrteta. Kjo nuk \u00ebsht\u00eb vet\u00ebm n\u00eb Gramsh, po t\u00eb d\u00ebgjoni Edi Ram\u00ebn, p\u00ebrve\u00e7 vrrerit q\u00eb nxjerr ndaj opozit\u00ebs, avokatis\u00eb q\u00eb i b\u00ebn Vu\u00e7i\u00e7it, ju nuk e d\u00ebgjoni asnj\u00ebher\u00eb t\u00eb flas\u00eb p\u00ebr nj\u00eb rreth, p\u00ebr qytetar\u00ebt apo p\u00ebr problematikat e tyre. Edhe n\u00eb Parlament aty ku jan\u00eb. T\u2019i d\u00ebgjosh ata, duket sikur qytetar\u00ebt jan\u00eb njer\u00ebzit e lumtur. Sipas tyre, edyhe qum\u00ebsht dall\u00ebndyshe kan\u00eb. E masin me veten e vet\u00eb. \u00c7do vendim e marrin p\u00ebr interesat e tyre n\u00eb kund\u00ebrshtim me interesat e qytetar\u00ebve. Sot deklaronte q\u00eb arka \u00ebsht\u00eb mir\u00eb.<\/p>\n","protected":false},"excerpt":{"rendered":"<p>Ish-kryeministri Sali Berisha, gjat\u00eb takimit me qytetar\u00ebt e Gramshit ka akuzuar qeverin\u00eb se nuk ka b\u00ebr\u00eb asgj\u00eb p\u00ebr qytetar\u00ebt e k\u00ebtij rrethi. Berisha ka akuzuar Sekretarin e P\u00ebrgjithsh\u00ebm t\u00eb PS-s\u00eb, Damian Gjiknurin se ai shkoi n\u00eb Gramsh vet\u00ebm p\u00ebr t\u00eb vjedhur votat e m\u00eb pas ia mbathi. Berisha:\u00a0Gramshi ka shum\u00eb pasuri natyrore. Nj\u00eb kilomet\u00ebr rrug\u00eb [&hellip;]<\/p>\n","protected":false},"author":2020,"featured_media":214375,"comment_status":"closed","ping_status":"closed","sticky":false,"template":"","format":"standard","meta":{"footnotes":""},"categories":[241,5380,231],"tags":[],"class_list":{"0":"post-288442","1":"post","2":"type-post","3":"status-publish","4":"format-standard","5":"has-post-thumbnail","7":"category-aktualitet","8":"category-kryesore","9":"category-lajme"},"_links":{"self":[{"href":"https:\/\/zjarr.tv\/sq\/wp-json\/wp\/v2\/posts\/288442","targetHints":{"allow":["GET"]}}],"collection":[{"href":"https:\/\/zjarr.tv\/sq\/wp-json\/wp\/v2\/posts"}],"about":[{"href":"https:\/\/zjarr.tv\/sq\/wp-json\/wp\/v2\/types\/post"}],"author":[{"embeddable":true,"href":"https:\/\/zjarr.tv\/sq\/wp-json\/wp\/v2\/users\/2020"}],"replies":[{"embeddable":true,"href":"https:\/\/zjarr.tv\/sq\/wp-json\/wp\/v2\/comments?post=288442"}],"version-history":[{"count":0,"href":"https:\/\/zjarr.tv\/sq\/wp-json\/wp\/v2\/posts\/288442\/revisions"}],"wp:featuredmedia":[{"embeddable":true,"href":"https:\/\/zjarr.tv\/sq\/wp-json\/wp\/v2\/media\/214375"}],"wp:attachment":[{"href":"https:\/\/zjarr.tv\/sq\/wp-json\/wp\/v2\/media?parent=288442"}],"wp:term":[{"taxonomy":"category","embeddable":true,"href":"https:\/\/zjarr.tv\/sq\/wp-json\/wp\/v2\/categories?post=288442"},{"taxonomy":"post_tag","embeddable":true,"href":"https:\/\/zjarr.tv\/sq\/wp-json\/wp\/v2\/tags?post=288442"}],"curies":[{"name":"wp","href":"https:\/\/api.w.org\/{rel}","templated":true}]}}