{"id":288444,"date":"2022-09-27T17:36:23","date_gmt":"2022-09-27T15:36:23","guid":{"rendered":"https:\/\/zjarr.tv\/?p=288444"},"modified":"2022-09-27T17:36:23","modified_gmt":"2022-09-27T15:36:23","slug":"do-vazhdojme-te-jemi-nje-nga-mbeshtetesit-e-palekudur-te-ukraines-veliaj-takon-ne-prage-kryebashkiakun-e-kievit-vitali-klicko","status":"publish","type":"post","link":"https:\/\/zjarr.tv\/sq\/do-vazhdojme-te-jemi-nje-nga-mbeshtetesit-e-palekudur-te-ukraines-veliaj-takon-ne-prage-kryebashkiakun-e-kievit-vitali-klicko\/","title":{"rendered":"\u201cDo vazhdojm\u00eb t\u00eb jemi nj\u00eb nga mb\u00ebshtet\u00ebsit e pal\u00ebkudur t\u00eb Ukrain\u00ebs\u201d- Veliaj takon n\u00eb Prag\u00eb kryebashkiakun e Kievit, Vitali Kli\u00e7ko"},"content":{"rendered":"<p>Kryetari i Bashkis\u00eb s\u00eb Tiran\u00ebs, Erion Veliaj, n\u00eb nj\u00eb vizit\u00eb t\u00eb tij\u00ebn n\u00eb Prage ka takuar kryebashkiakun e Kievit, Vitali Kli\u00e7ko.<\/p>\n<p><span data-preserver-spaces=\"true\">N\u00eb nj\u00eb postim n\u00eb rrjete sociale, Veliaj shkruan se p\u00ebrg\u00ebzoi homologun ukrainas p\u00ebr guximin e treguar, nd\u00ebrsa e siguroi at\u00eb se mb\u00ebshtetja e kryeministrit Rama dhe e qeveris\u00eb shqiptare n\u00eb K\u00ebshillin e Sigurimit ashtu dhe n\u00eb NATO nuk do t\u00eb mungoj\u00eb.<\/span><\/p>\n<p><span data-preserver-spaces=\"true\">\u201cE p\u00ebrg\u00ebzova mikun tim, Vitali Kli\u00e7ko, p\u00ebr kuraj\u00ebn dhe guximin e treguar kund\u00ebr sulmit brutal rus.<\/span><\/p>\n<p><span data-preserver-spaces=\"true\">E sigurova se Edi Rama dhe qeveria shqiptare do t\u00eb vazhdojn\u00eb t\u00eb jen\u00eb mb\u00ebshtet\u00ebsit e tyre t\u00eb pal\u00ebkundur n\u00eb K\u00ebshillin e Sigurimit n\u00eb OKB dhe NATO. Bashkia e Tiran\u00ebs do t\u00eb vazhdoj\u00eb t\u00eb ndihmoj\u00eb qytetet simotra n\u00eb Ukrain\u00eb dhe qytetar\u00ebt ukrainas n\u00eb Shqiperi\u201d, n\u00ebnvizon Veliaj.<\/span><\/p>\n<p><span data-preserver-spaces=\"true\">Takimi u zhvillua n\u00eb Prag\u00eb t\u00eb \u00c7ekis\u00eb, ku u mbajt Samiti i Qyteteve.<\/span><\/p>\n","protected":false},"excerpt":{"rendered":"<p>Kryetari i Bashkis\u00eb s\u00eb Tiran\u00ebs, Erion Veliaj, n\u00eb nj\u00eb vizit\u00eb t\u00eb tij\u00ebn n\u00eb Prage ka takuar kryebashkiakun e Kievit, Vitali Kli\u00e7ko. N\u00eb nj\u00eb postim n\u00eb rrjete sociale, Veliaj shkruan se p\u00ebrg\u00ebzoi homologun ukrainas p\u00ebr guximin e treguar, nd\u00ebrsa e siguroi at\u00eb se mb\u00ebshtetja e kryeministrit Rama dhe e qeveris\u00eb shqiptare n\u00eb K\u00ebshillin e Sigurimit ashtu [&hellip;]<\/p>\n","protected":false},"author":2020,"featured_media":288445,"comment_status":"closed","ping_status":"closed","sticky":false,"template":"","format":"standard","meta":{"footnotes":""},"categories":[241,5380,231],"tags":[],"class_list":{"0":"post-288444","1":"post","2":"type-post","3":"status-publish","4":"format-standard","5":"has-post-thumbnail","7":"category-aktualitet","8":"category-kryesore","9":"category-lajme"},"_links":{"self":[{"href":"https:\/\/zjarr.tv\/sq\/wp-json\/wp\/v2\/posts\/288444","targetHints":{"allow":["GET"]}}],"collection":[{"href":"https:\/\/zjarr.tv\/sq\/wp-json\/wp\/v2\/posts"}],"about":[{"href":"https:\/\/zjarr.tv\/sq\/wp-json\/wp\/v2\/types\/post"}],"author":[{"embeddable":true,"href":"https:\/\/zjarr.tv\/sq\/wp-json\/wp\/v2\/users\/2020"}],"replies":[{"embeddable":true,"href":"https:\/\/zjarr.tv\/sq\/wp-json\/wp\/v2\/comments?post=288444"}],"version-history":[{"count":0,"href":"https:\/\/zjarr.tv\/sq\/wp-json\/wp\/v2\/posts\/288444\/revisions"}],"wp:featuredmedia":[{"embeddable":true,"href":"https:\/\/zjarr.tv\/sq\/wp-json\/wp\/v2\/media\/288445"}],"wp:attachment":[{"href":"https:\/\/zjarr.tv\/sq\/wp-json\/wp\/v2\/media?parent=288444"}],"wp:term":[{"taxonomy":"category","embeddable":true,"href":"https:\/\/zjarr.tv\/sq\/wp-json\/wp\/v2\/categories?post=288444"},{"taxonomy":"post_tag","embeddable":true,"href":"https:\/\/zjarr.tv\/sq\/wp-json\/wp\/v2\/tags?post=288444"}],"curies":[{"name":"wp","href":"https:\/\/api.w.org\/{rel}","templated":true}]}}