{"id":288447,"date":"2022-09-27T17:45:27","date_gmt":"2022-09-27T15:45:27","guid":{"rendered":"https:\/\/zjarr.tv\/?p=288447"},"modified":"2022-09-27T17:45:27","modified_gmt":"2022-09-27T15:45:27","slug":"salillari-i-con-baulet-me-para-rames-berisha-akuza-kryeministrit-e-shperbleu-me-8-mln-euro-tender-per-pallatin-pa-leje-qe-ndertoi","status":"publish","type":"post","link":"https:\/\/zjarr.tv\/sq\/salillari-i-con-baulet-me-para-rames-berisha-akuza-kryeministrit-e-shperbleu-me-8-mln-euro-tender-per-pallatin-pa-leje-qe-ndertoi\/","title":{"rendered":"\u201cSalillari i \u00e7on baulet me para Ram\u00ebs\u201d\/ Berisha akuza kryeministrit: E shp\u00ebrbleu me 8 mln euro tender p\u00ebr pallatin pa leje q\u00eb nd\u00ebrtoi"},"content":{"rendered":"<p>Ish-kryeministri Sali Berisha ka akuzuar Edi Ram\u00ebn pasi sipas tij, i ka dh\u00ebn\u00eb nj\u00eb tender me vler\u00eb 8 mln euro biznesmenit P\u00ebllumb Salillari.<\/p>\n<p><span data-preserver-spaces=\"true\">Gjat\u00eb takimit me qytetar\u00ebt n\u00eb Gramsh, Berisha tha se kryeministri e shp\u00ebrbleu Salillarin p\u00ebr pallatin me leje q\u00eb iu kap nga autoritetet.<\/span><\/p>\n<p><span data-preserver-spaces=\"true\">Kjo, sipas Berish\u00ebs, ndodh sepse Salillari i ndan fitimet p\u00ebr pallatet me Kryeministrin.<\/span><\/p>\n<p><span data-preserver-spaces=\"true\">Berisha: Ky vet\u00ebm shqiptar nuk \u00ebsht\u00eb. Ne duhet t\u00eb ngrihemi. Koha \u00ebsht\u00eb q\u00eb \u00e7do qytetar shqiptar t\u00eb ngrihet p\u00ebr t\u2019i dal\u00eb zot qenies son\u00eb. Si ka mund\u00ebsi q\u00eb ky rreth i bekuar nga Zoti, me t\u00eb gjitha pasurit\u00eb turistike t\u00eb rrudhet \u00e7do muaj e m\u00eb shum\u00eb dhe f\u00ebmij\u00ebt e tij t\u00eb dalin n\u00ebp\u00ebr bot\u00eb. T\u00eb rinjt\u00eb nuk kan\u00eb pun\u00eb. K\u00ebtu nuk pyetet p\u00ebr asgj\u00eb p\u00ebrve\u00e7 pasurimit t\u00eb tyre. Qytetar\u00ebt jan\u00eb d\u00ebnuar me burg p\u00ebr kate, shtesa e gardhe 3415 qytetar\u00eb. Po oligarku Salillari \u00e7far\u00eb p\u00ebsoi p\u00ebr pallatin. Mori dje 8 mln euro t\u00eb tjera tender nga Edi Rama, si shp\u00ebrblim p\u00ebr pallatin pa leje q\u00eb nd\u00ebrtoi. Jo dy standard, por nj\u00eb diskriminim jasht\u00eb \u00e7do lloj standardi p\u00ebr qytetar\u00ebt. Nj\u00ebrin e fut n\u00eb burg p\u00ebr nj\u00eb kotec, nd\u00ebrsa tjetrin e shp\u00ebrblen pasi i mori pallatin.<\/span><\/p>\n<p><span data-preserver-spaces=\"true\">Ai i \u00e7on baulet me euro atij. Edhe pallatin e ndan me t\u00eb. U k\u00ebrkon f\u00ebmij\u00ebve tani t\u00eb japin lek\u00eb q\u00eb t\u00eb mbledhin nj\u00eb fond p\u00ebr transportin. N\u00eb nj\u00eb koh\u00eb q\u00eb vet\u00eb, p\u00ebr oborrin e brendsh\u00ebm t\u00eb Kryeministris\u00eb, blen 4 mln instalacion arka druri dhe vazo p\u00ebr t\u00eb k\u00ebnaqur syt\u00eb e tij, pasi zot\u00ebria e tij po lodhet shum\u00eb duke vjedhur. Un\u00eb duhet t\u2019u d\u00ebgjoj ju me shum\u00eb k\u00ebnaq\u00ebsi dhe t\u00eb siguroj q\u00eb problemet tuaja do zen\u00eb vend t\u00eb r\u00ebnd\u00ebsish\u00ebm n\u00eb programin e PD-s\u00eb, por p\u00ebrs\u00ebri ju ftoj t\u00eb ngrihemi p\u00ebr t\u00eb ndalur k\u00ebt\u00eb rrokullisje t\u00eb Shqip\u00ebris\u00eb.<\/span><\/p>\n","protected":false},"excerpt":{"rendered":"<p>Ish-kryeministri Sali Berisha ka akuzuar Edi Ram\u00ebn pasi sipas tij, i ka dh\u00ebn\u00eb nj\u00eb tender me vler\u00eb 8 mln euro biznesmenit P\u00ebllumb Salillari. Gjat\u00eb takimit me qytetar\u00ebt n\u00eb Gramsh, Berisha tha se kryeministri e shp\u00ebrbleu Salillarin p\u00ebr pallatin me leje q\u00eb iu kap nga autoritetet. Kjo, sipas Berish\u00ebs, ndodh sepse Salillari i ndan fitimet p\u00ebr [&hellip;]<\/p>\n","protected":false},"author":2020,"featured_media":207507,"comment_status":"closed","ping_status":"closed","sticky":false,"template":"","format":"standard","meta":{"footnotes":""},"categories":[241,5380,231],"tags":[],"class_list":{"0":"post-288447","1":"post","2":"type-post","3":"status-publish","4":"format-standard","5":"has-post-thumbnail","7":"category-aktualitet","8":"category-kryesore","9":"category-lajme"},"_links":{"self":[{"href":"https:\/\/zjarr.tv\/sq\/wp-json\/wp\/v2\/posts\/288447","targetHints":{"allow":["GET"]}}],"collection":[{"href":"https:\/\/zjarr.tv\/sq\/wp-json\/wp\/v2\/posts"}],"about":[{"href":"https:\/\/zjarr.tv\/sq\/wp-json\/wp\/v2\/types\/post"}],"author":[{"embeddable":true,"href":"https:\/\/zjarr.tv\/sq\/wp-json\/wp\/v2\/users\/2020"}],"replies":[{"embeddable":true,"href":"https:\/\/zjarr.tv\/sq\/wp-json\/wp\/v2\/comments?post=288447"}],"version-history":[{"count":0,"href":"https:\/\/zjarr.tv\/sq\/wp-json\/wp\/v2\/posts\/288447\/revisions"}],"wp:featuredmedia":[{"embeddable":true,"href":"https:\/\/zjarr.tv\/sq\/wp-json\/wp\/v2\/media\/207507"}],"wp:attachment":[{"href":"https:\/\/zjarr.tv\/sq\/wp-json\/wp\/v2\/media?parent=288447"}],"wp:term":[{"taxonomy":"category","embeddable":true,"href":"https:\/\/zjarr.tv\/sq\/wp-json\/wp\/v2\/categories?post=288447"},{"taxonomy":"post_tag","embeddable":true,"href":"https:\/\/zjarr.tv\/sq\/wp-json\/wp\/v2\/tags?post=288447"}],"curies":[{"name":"wp","href":"https:\/\/api.w.org\/{rel}","templated":true}]}}