{"id":288452,"date":"2022-09-27T19:29:49","date_gmt":"2022-09-27T17:29:49","guid":{"rendered":"https:\/\/zjarr.tv\/?p=288452"},"modified":"2022-09-27T19:29:49","modified_gmt":"2022-09-27T17:29:49","slug":"kemi-nje-dimer-te-eger-para-rudina-hajdari-nuk-ka-shanse-qe-ps-te-fitoje-ne-zgjedhjet-vendore","status":"publish","type":"post","link":"https:\/\/zjarr.tv\/sq\/kemi-nje-dimer-te-eger-para-rudina-hajdari-nuk-ka-shanse-qe-ps-te-fitoje-ne-zgjedhjet-vendore\/","title":{"rendered":"\u201cKemi nj\u00eb dim\u00ebr t\u00eb eg\u00ebr para\u201d, Rudina Hajdari: Nuk ka shanse q\u00eb PS t\u00eb fitoj\u00eb n\u00eb zgjedhjet vendore"},"content":{"rendered":"<p>Ish-deputetja Rudina Hajdari thot\u00eb se mund\u00ebsit\u00eb q\u00eb Partia Socialiste t\u00eb fitoj\u00eb n\u00eb zgjedhjet vendore t\u00eb vitit t\u00eb ardhsh\u00ebm jan\u00eb t\u00eb pakta, p\u00ebr shkak t\u00eb pak\u00ebnaq\u00ebsis\u00eb s\u00eb madhe qytetare ndaj qeverisjes.<\/p>\n<p>Nd\u00ebr t\u00eb tjera ajo paralajm\u00ebroi se kemi para nj\u00eb \u201cdim\u00ebr t\u00eb eg\u00ebr politik\u201d.<\/p>\n<p>\u201cNuk mendoj se PS ka shum\u00eb shanse. N\u00eb k\u00ebto kushte ku jemi sot, duke marr\u00eb parasysh kushtet ekonomike, duke marr\u00eb parasysh protestat e ndryshme q\u00eb qytetar\u00ebt po vet\u00eborganizohen, kemi shum\u00eb probleme social ekonomike, q\u00eb po e b\u00ebn akoma m\u00eb t\u00eb v\u00ebshtir\u00eb, edhe p\u00ebr ata q\u00eb marrin rroga. Kur t\u00eb vijn\u00eb zgjedhjet lokale asnj\u00eb qytetar nuk ka p\u00ebr t\u2019i harruar k\u00ebto. Un\u00eb mendoj q\u00eb do t\u00eb kemi nj\u00eb dim\u00ebr shum\u00eb t\u00eb eg\u00ebr p\u00ebrpara dhe zgjedhjet lokale do t\u00eb jen\u00eb n\u00eb pranver\u00eb.<\/p>\n<p>Prandaj nuk mendoj Partia Socialiste \u00ebsht\u00eb shum\u00eb e rehatuar n\u00eb k\u00ebto momente, besoj shum\u00eb fort q\u00eb ata e ndjejn\u00eb rrezikun dhe Partia Demokratike duhet ta kap\u00eb k\u00ebt\u00eb shans dhe jo vet\u00ebm t\u00eb organizohet p\u00ebr zgjedhjet lokale, por duhet t\u00eb mb\u00ebshtes\u00eb t\u00eb gjith\u00eb qytetar\u00ebt, duke dal\u00eb n\u00eb protesta, si nj\u00eb lloj mekanizmi p\u00ebr t\u00eb qen\u00eb streha e tyre, jo vet\u00ebm e demokrat\u00ebve, por e gjith\u00eb qytetar\u00ebve q\u00eb jan\u00eb t\u00eb pak\u00ebnaqur\u201d,  u shpreh Rudina Hajdari n\u00eb A2Cnn.<\/p>\n","protected":false},"excerpt":{"rendered":"<p>Ish-deputetja Rudina Hajdari thot\u00eb se mund\u00ebsit\u00eb q\u00eb Partia Socialiste t\u00eb fitoj\u00eb n\u00eb zgjedhjet vendore t\u00eb vitit t\u00eb ardhsh\u00ebm jan\u00eb t\u00eb pakta, p\u00ebr shkak t\u00eb pak\u00ebnaq\u00ebsis\u00eb s\u00eb madhe qytetare ndaj qeverisjes. Nd\u00ebr t\u00eb tjera ajo paralajm\u00ebroi se kemi para nj\u00eb \u201cdim\u00ebr t\u00eb eg\u00ebr politik\u201d. \u201cNuk mendoj se PS ka shum\u00eb shanse. N\u00eb k\u00ebto kushte ku jemi [&hellip;]<\/p>\n","protected":false},"author":2031,"featured_media":161938,"comment_status":"closed","ping_status":"closed","sticky":false,"template":"","format":"standard","meta":{"footnotes":""},"categories":[241,231,235],"tags":[],"class_list":{"0":"post-288452","1":"post","2":"type-post","3":"status-publish","4":"format-standard","5":"has-post-thumbnail","7":"category-aktualitet","8":"category-lajme","9":"category-vendi"},"_links":{"self":[{"href":"https:\/\/zjarr.tv\/sq\/wp-json\/wp\/v2\/posts\/288452","targetHints":{"allow":["GET"]}}],"collection":[{"href":"https:\/\/zjarr.tv\/sq\/wp-json\/wp\/v2\/posts"}],"about":[{"href":"https:\/\/zjarr.tv\/sq\/wp-json\/wp\/v2\/types\/post"}],"author":[{"embeddable":true,"href":"https:\/\/zjarr.tv\/sq\/wp-json\/wp\/v2\/users\/2031"}],"replies":[{"embeddable":true,"href":"https:\/\/zjarr.tv\/sq\/wp-json\/wp\/v2\/comments?post=288452"}],"version-history":[{"count":0,"href":"https:\/\/zjarr.tv\/sq\/wp-json\/wp\/v2\/posts\/288452\/revisions"}],"wp:featuredmedia":[{"embeddable":true,"href":"https:\/\/zjarr.tv\/sq\/wp-json\/wp\/v2\/media\/161938"}],"wp:attachment":[{"href":"https:\/\/zjarr.tv\/sq\/wp-json\/wp\/v2\/media?parent=288452"}],"wp:term":[{"taxonomy":"category","embeddable":true,"href":"https:\/\/zjarr.tv\/sq\/wp-json\/wp\/v2\/categories?post=288452"},{"taxonomy":"post_tag","embeddable":true,"href":"https:\/\/zjarr.tv\/sq\/wp-json\/wp\/v2\/tags?post=288452"}],"curies":[{"name":"wp","href":"https:\/\/api.w.org\/{rel}","templated":true}]}}