{"id":288461,"date":"2022-09-27T19:43:23","date_gmt":"2022-09-27T17:43:23","guid":{"rendered":"https:\/\/zjarr.tv\/?p=288461"},"modified":"2022-09-27T19:43:23","modified_gmt":"2022-09-27T17:43:23","slug":"sekuestrimi-i-ndertimeve-pa-leje-rama-mund-ta-bej-vetem-une-dhe-ps","status":"publish","type":"post","link":"https:\/\/zjarr.tv\/sq\/sekuestrimi-i-ndertimeve-pa-leje-rama-mund-ta-bej-vetem-une-dhe-ps\/","title":{"rendered":"Sekuestrimi i nd\u00ebrtimeve pa leje, Rama: Mund ta b\u00ebj vet\u00ebm un\u00eb dhe PS"},"content":{"rendered":"<p>Kryeministri Edi Rama dha nj\u00eb deklarat\u00eb p\u00ebr mediat pas p\u00ebrfundimit t\u00eb mbledhjes s\u00eb kryesis\u00eb s\u00eb Partis\u00eb Socialiste.<\/p>\n<p>Nd\u00ebrsa u pyet p\u00ebr sekuestrimin e nd\u00ebrtimeve pa leje, Rama u zotua se asnj\u00eb met\u00ebr katror i nd\u00ebrtuar pa leje nuk do t\u00eb ngelet. Ai tha se \u00e7far\u00eb rezulton e till\u00eb do t\u00eb merret nga shteti n\u00eb nj\u00eb m\u00ebnyr\u00eb ose tjet\u00ebr dhe pasi t\u00eb merren nga shteti do p\u00ebrdoren p\u00ebr interes publik.<\/p>\n<p>\u201cK\u00ebt\u00eb nuk ka pasur se kush ta b\u00ebj, k\u00ebt\u00eb mund ta b\u00ebj vet\u00ebm un\u00eb dhe mund ta b\u00ebj\u00eb vet\u00ebm Partia Socialiste. Nuk ka pasur kush ta b\u00ebj\u00eb tjet\u00ebr sepse t\u00eb tjer\u00ebt i kan\u00eb rregulluar gj\u00ebrat, i kan\u00eb mbyllur syt\u00eb n\u00eb t\u00eb gjitha nivelet, kjo s\u2019ka pik\u00eb r\u00ebnd\u00ebsie. Un\u00eb flas p\u00ebr nivelin e qeveris\u00eb,\u201d \u2013 u shpreh Rama.<\/p>\n<p>Kryeministri tha se n\u00ebse ai ose kryebashkiaku Veliaj do i kishin lejuar k\u00ebto nd\u00ebrtime askush nuk do t\u00eb merrte vesh asgj\u00eb.<\/p>\n<p>\u201cSepse k\u00ebt\u00eb \u00e7\u00ebshtje nuk e ngrit\u00ebt ju, e ngrita un\u00eb,\u201d \u2013 p\u00ebrfundoi Rama.<\/p>\n","protected":false},"excerpt":{"rendered":"<p>Kryeministri Edi Rama dha nj\u00eb deklarat\u00eb p\u00ebr mediat pas p\u00ebrfundimit t\u00eb mbledhjes s\u00eb kryesis\u00eb s\u00eb Partis\u00eb Socialiste. Nd\u00ebrsa u pyet p\u00ebr sekuestrimin e nd\u00ebrtimeve pa leje, Rama u zotua se asnj\u00eb met\u00ebr katror i nd\u00ebrtuar pa leje nuk do t\u00eb ngelet. Ai tha se \u00e7far\u00eb rezulton e till\u00eb do t\u00eb merret nga shteti n\u00eb nj\u00eb [&hellip;]<\/p>\n","protected":false},"author":2031,"featured_media":288462,"comment_status":"closed","ping_status":"closed","sticky":false,"template":"","format":"standard","meta":{"footnotes":""},"categories":[241,231,235],"tags":[],"class_list":{"0":"post-288461","1":"post","2":"type-post","3":"status-publish","4":"format-standard","5":"has-post-thumbnail","7":"category-aktualitet","8":"category-lajme","9":"category-vendi"},"_links":{"self":[{"href":"https:\/\/zjarr.tv\/sq\/wp-json\/wp\/v2\/posts\/288461","targetHints":{"allow":["GET"]}}],"collection":[{"href":"https:\/\/zjarr.tv\/sq\/wp-json\/wp\/v2\/posts"}],"about":[{"href":"https:\/\/zjarr.tv\/sq\/wp-json\/wp\/v2\/types\/post"}],"author":[{"embeddable":true,"href":"https:\/\/zjarr.tv\/sq\/wp-json\/wp\/v2\/users\/2031"}],"replies":[{"embeddable":true,"href":"https:\/\/zjarr.tv\/sq\/wp-json\/wp\/v2\/comments?post=288461"}],"version-history":[{"count":0,"href":"https:\/\/zjarr.tv\/sq\/wp-json\/wp\/v2\/posts\/288461\/revisions"}],"wp:featuredmedia":[{"embeddable":true,"href":"https:\/\/zjarr.tv\/sq\/wp-json\/wp\/v2\/media\/288462"}],"wp:attachment":[{"href":"https:\/\/zjarr.tv\/sq\/wp-json\/wp\/v2\/media?parent=288461"}],"wp:term":[{"taxonomy":"category","embeddable":true,"href":"https:\/\/zjarr.tv\/sq\/wp-json\/wp\/v2\/categories?post=288461"},{"taxonomy":"post_tag","embeddable":true,"href":"https:\/\/zjarr.tv\/sq\/wp-json\/wp\/v2\/tags?post=288461"}],"curies":[{"name":"wp","href":"https:\/\/api.w.org\/{rel}","templated":true}]}}