{"id":288470,"date":"2022-09-27T19:54:42","date_gmt":"2022-09-27T17:54:42","guid":{"rendered":"https:\/\/zjarr.tv\/?p=288470"},"modified":"2022-09-27T19:54:42","modified_gmt":"2022-09-27T17:54:42","slug":"klosi-ne-vend-te-ahmetajt-ne-vlore-majko-zevendeson-spiropalin-ne-kukes-te-gjitha-levizjet-e-drejtuesve-te-ps-ne-qarqe","status":"publish","type":"post","link":"https:\/\/zjarr.tv\/sq\/klosi-ne-vend-te-ahmetajt-ne-vlore-majko-zevendeson-spiropalin-ne-kukes-te-gjitha-levizjet-e-drejtuesve-te-ps-ne-qarqe\/","title":{"rendered":"Klosi n\u00eb vend t\u00eb Ahmetajt n\u00eb Vlor\u00eb, Majko z\u00ebvend\u00ebson Spiropalin n\u00eb Kuk\u00ebs, t\u00eb gjitha l\u00ebvizjet e drejtuesve t\u00eb PS n\u00eb qarqe"},"content":{"rendered":"<p>Partia Socialiste ka zhvilluar dit\u00ebn e sotme mbledhjen e par\u00eb t\u00eb Kryesis\u00eb pas nisjes s\u00eb sezionit t\u00eb ri politik.<\/p>\n<p>Gazetarja e Abc Esiona Konomi b\u00ebn me dije se n\u00eb k\u00ebt\u00eb mbledhje jan\u00eb b\u00ebr\u00eb disa ndryshime sa i p\u00ebrket drejtuesve politik\u00eb n\u00eb qarqe.<\/p>\n<p>N\u00eb Vlor\u00eb drejtues Qarku \u00ebsht\u00eb b\u00ebr\u00eb Blendi Klosi, i cili z\u00eb vendin e Arben Ahmetjat, ky i fundit tashm\u00eb \u00ebsht\u00eb vet\u00ebm deputet i PS, pasi \u00ebsht\u00eb shkarkuar nga t\u00eb gjitha pozicionet e tjera.<\/p>\n<p>Nd\u00ebrkoh\u00eb q\u00eb Elisa Spiropali \u00ebsht\u00eb larguar si drejtues e Qarkut t\u00eb Kuk\u00ebsit p\u00ebr tu em\u00ebruar n\u00eb krye t\u00eb Qarkut t\u00eb Shkodr\u00ebs, duke z\u00ebvend\u00ebsuar n\u00eb k\u00ebt\u00eb pozicion Edona Bilali (\u00ebsht\u00eb shtatz\u00ebn\u00eb).<\/p>\n<p>N\u00eb vend t\u00eb Elisa Spiropalit n\u00eb qarkun e Kuk\u00ebsit \u00ebsht\u00eb em\u00ebruar Pandeli Majko.<\/p>\n<p>Gjithashtu n\u00eb mbledhjen e Kryesis\u00eb \u00ebsht\u00eb diskutuar edhe p\u00ebr kandidat\u00ebt p\u00ebr kryetar\u00eb Bashkish n\u00eb zgjedhjet e vitit t\u00eb ardhsh\u00ebm.<\/p>\n","protected":false},"excerpt":{"rendered":"<p>Partia Socialiste ka zhvilluar dit\u00ebn e sotme mbledhjen e par\u00eb t\u00eb Kryesis\u00eb pas nisjes s\u00eb sezionit t\u00eb ri politik. Gazetarja e Abc Esiona Konomi b\u00ebn me dije se n\u00eb k\u00ebt\u00eb mbledhje jan\u00eb b\u00ebr\u00eb disa ndryshime sa i p\u00ebrket drejtuesve politik\u00eb n\u00eb qarqe. N\u00eb Vlor\u00eb drejtues Qarku \u00ebsht\u00eb b\u00ebr\u00eb Blendi Klosi, i cili z\u00eb vendin e [&hellip;]<\/p>\n","protected":false},"author":2031,"featured_media":148453,"comment_status":"closed","ping_status":"closed","sticky":false,"template":"","format":"standard","meta":{"footnotes":""},"categories":[241,231,235],"tags":[],"class_list":{"0":"post-288470","1":"post","2":"type-post","3":"status-publish","4":"format-standard","5":"has-post-thumbnail","7":"category-aktualitet","8":"category-lajme","9":"category-vendi"},"_links":{"self":[{"href":"https:\/\/zjarr.tv\/sq\/wp-json\/wp\/v2\/posts\/288470","targetHints":{"allow":["GET"]}}],"collection":[{"href":"https:\/\/zjarr.tv\/sq\/wp-json\/wp\/v2\/posts"}],"about":[{"href":"https:\/\/zjarr.tv\/sq\/wp-json\/wp\/v2\/types\/post"}],"author":[{"embeddable":true,"href":"https:\/\/zjarr.tv\/sq\/wp-json\/wp\/v2\/users\/2031"}],"replies":[{"embeddable":true,"href":"https:\/\/zjarr.tv\/sq\/wp-json\/wp\/v2\/comments?post=288470"}],"version-history":[{"count":0,"href":"https:\/\/zjarr.tv\/sq\/wp-json\/wp\/v2\/posts\/288470\/revisions"}],"wp:featuredmedia":[{"embeddable":true,"href":"https:\/\/zjarr.tv\/sq\/wp-json\/wp\/v2\/media\/148453"}],"wp:attachment":[{"href":"https:\/\/zjarr.tv\/sq\/wp-json\/wp\/v2\/media?parent=288470"}],"wp:term":[{"taxonomy":"category","embeddable":true,"href":"https:\/\/zjarr.tv\/sq\/wp-json\/wp\/v2\/categories?post=288470"},{"taxonomy":"post_tag","embeddable":true,"href":"https:\/\/zjarr.tv\/sq\/wp-json\/wp\/v2\/tags?post=288470"}],"curies":[{"name":"wp","href":"https:\/\/api.w.org\/{rel}","templated":true}]}}