{"id":288477,"date":"2022-09-27T20:19:17","date_gmt":"2022-09-27T18:19:17","guid":{"rendered":"https:\/\/zjarr.tv\/?p=288477"},"modified":"2022-09-27T20:19:17","modified_gmt":"2022-09-27T18:19:17","slug":"aksident-i-rende-ne-elbasan-makina-perplas-efektivin-e-policise-dergohet-tek-trauma","status":"publish","type":"post","link":"https:\/\/zjarr.tv\/sq\/aksident-i-rende-ne-elbasan-makina-perplas-efektivin-e-policise-dergohet-tek-trauma\/","title":{"rendered":"Aksident i r\u00ebnd\u00eb n\u00eb Elbasan, makina p\u00ebrplas efektivin e policis\u00eb, d\u00ebrgohet tek Trauma"},"content":{"rendered":"<p>Nj\u00eb aksident i r\u00ebnd\u00eb ka ndodhur k\u00ebt\u00eb mbr\u00ebmje n\u00eb Elbasan. M\u00ebsohet se nj\u00eb mjet ka p\u00ebrplasur nj\u00eb punonj\u00ebs policie i cili \u00ebsht\u00eb d\u00ebrguar n\u00eb spitalin e Traum\u00ebs n\u00eb Tiran\u00eb.<\/p>\n<p>Burime b\u00ebjn\u00eb me dije se nj\u00eb mjet doli nga rruga n\u00eb Elbasan, policia ka shkuar n\u00eb vendngjarje nd\u00ebrkoh\u00eb nj\u00eb mjet tjet\u00ebr me shpejt\u00ebsi ka p\u00ebrplasur efektivin i cili ishte n\u00eb rrug\u00eb.<\/p>\n<p>Shkaqet dhe rrethanat e aksidentit jan\u00eb ende t\u00eb paqarta nd\u00ebrsa n\u00eb vendngjarje aktualisht ka prezenc\u00eb t\u00eb madhe t\u00eb policis\u00eb.<\/p>\n","protected":false},"excerpt":{"rendered":"<p>Nj\u00eb aksident i r\u00ebnd\u00eb ka ndodhur k\u00ebt\u00eb mbr\u00ebmje n\u00eb Elbasan. M\u00ebsohet se nj\u00eb mjet ka p\u00ebrplasur nj\u00eb punonj\u00ebs policie i cili \u00ebsht\u00eb d\u00ebrguar n\u00eb spitalin e Traum\u00ebs n\u00eb Tiran\u00eb. Burime b\u00ebjn\u00eb me dije se nj\u00eb mjet doli nga rruga n\u00eb Elbasan, policia ka shkuar n\u00eb vendngjarje nd\u00ebrkoh\u00eb nj\u00eb mjet tjet\u00ebr me shpejt\u00ebsi ka p\u00ebrplasur efektivin [&hellip;]<\/p>\n","protected":false},"author":2031,"featured_media":288479,"comment_status":"closed","ping_status":"closed","sticky":false,"template":"","format":"standard","meta":{"footnotes":""},"categories":[241,231,235],"tags":[],"class_list":{"0":"post-288477","1":"post","2":"type-post","3":"status-publish","4":"format-standard","5":"has-post-thumbnail","7":"category-aktualitet","8":"category-lajme","9":"category-vendi"},"_links":{"self":[{"href":"https:\/\/zjarr.tv\/sq\/wp-json\/wp\/v2\/posts\/288477","targetHints":{"allow":["GET"]}}],"collection":[{"href":"https:\/\/zjarr.tv\/sq\/wp-json\/wp\/v2\/posts"}],"about":[{"href":"https:\/\/zjarr.tv\/sq\/wp-json\/wp\/v2\/types\/post"}],"author":[{"embeddable":true,"href":"https:\/\/zjarr.tv\/sq\/wp-json\/wp\/v2\/users\/2031"}],"replies":[{"embeddable":true,"href":"https:\/\/zjarr.tv\/sq\/wp-json\/wp\/v2\/comments?post=288477"}],"version-history":[{"count":0,"href":"https:\/\/zjarr.tv\/sq\/wp-json\/wp\/v2\/posts\/288477\/revisions"}],"wp:featuredmedia":[{"embeddable":true,"href":"https:\/\/zjarr.tv\/sq\/wp-json\/wp\/v2\/media\/288479"}],"wp:attachment":[{"href":"https:\/\/zjarr.tv\/sq\/wp-json\/wp\/v2\/media?parent=288477"}],"wp:term":[{"taxonomy":"category","embeddable":true,"href":"https:\/\/zjarr.tv\/sq\/wp-json\/wp\/v2\/categories?post=288477"},{"taxonomy":"post_tag","embeddable":true,"href":"https:\/\/zjarr.tv\/sq\/wp-json\/wp\/v2\/tags?post=288477"}],"curies":[{"name":"wp","href":"https:\/\/api.w.org\/{rel}","templated":true}]}}