{"id":288482,"date":"2022-09-27T20:24:12","date_gmt":"2022-09-27T18:24:12","guid":{"rendered":"https:\/\/zjarr.tv\/?p=288482"},"modified":"2022-09-27T20:24:12","modified_gmt":"2022-09-27T18:24:12","slug":"sulmi-kibernetik-nga-irani-ne-favor-te-shqiperise-avokati-ngjela-nuk-me-duhen-fantazite-e-katundareve-politik-kjo-ceshtje-tregoi-se","status":"publish","type":"post","link":"https:\/\/zjarr.tv\/sq\/sulmi-kibernetik-nga-irani-ne-favor-te-shqiperise-avokati-ngjela-nuk-me-duhen-fantazite-e-katundareve-politik-kjo-ceshtje-tregoi-se\/","title":{"rendered":"\u201cSulmi kibernetik nga Irani, n\u00eb favor t\u00eb Shqip\u00ebris\u00eb\u201d\/ Avokati Ngjela: Nuk m\u00eb duhen fantazit\u00eb e katundar\u00ebve politik! Kjo \u00e7\u00ebshtje tregoi se\u2026"},"content":{"rendered":"<p>Avokati Spartak Ngjela ka komentuar sulmet kibernetike t\u00eb Iranit n\u00eb sistemet digjitale n\u00eb Shqip\u00ebri. I ftuar n\u00eb emisionin \u201cFrontline\u201d, Ngjela tha se ky zhvillim ishte n\u00eb favor t\u00eb Shqip\u00ebris\u00eb, teksa nuk e vendosi theksin tek futja n\u00eb sistemet digjitale.<\/p>\n<p>Sipas Ngjel\u00ebs, sulmi kibernetik nga nj\u00eb shtet islamik si Irani, hedh posht\u00eb akuzat e Rusis\u00eb dhe Serbis\u00eb ndaj Shqip\u00ebris\u00eb si nj\u00eb shtet radikal musliman.<\/p>\n<p>Ngjela: Beogradi dhe Moska e akuzojn\u00eb Shqip\u00ebrin\u00eb si shtet islamik. Fakti q\u00eb vendi m\u00eb radikal islamik, sulmon Shqip\u00ebrin\u00eb, e kemi n\u00eb favor. Do t\u00eb thot\u00eb se nuk jemi shtet islamik. <\/p>\n<p>Irani deklaroi se i ka marr\u00eb ai. Nuk m\u00eb duhen fantazit\u00eb e katundar\u00ebve politik. Irani tha q\u00eb un\u00eb i kam marr\u00eb, \u00e7far\u00eb m\u00eb duhen t\u00eb tjerat. Vendi m\u00eb radikal islamik, ka goditur nj\u00eb vend q\u00eb sllav\u00ebt e konsiderojn\u00eb vend islamik radikal. \u00cbsht\u00eb silogjizmi Kantian. Fakti q\u00eb ne na kan\u00eb akuzuar k\u00ebshtu dhe radikalizmi islamik, tregon q\u00eb nuk jemi t\u00eb till\u00eb.<\/p>\n<p> E konsideroj hap pozitiv. K\u00ebt\u00eb arsye nuk besoj ta kesh d\u00ebgjuar m\u00eb par\u00eb.\/PANORAMA.COM<\/p>\n","protected":false},"excerpt":{"rendered":"<p>Avokati Spartak Ngjela ka komentuar sulmet kibernetike t\u00eb Iranit n\u00eb sistemet digjitale n\u00eb Shqip\u00ebri. I ftuar n\u00eb emisionin \u201cFrontline\u201d, Ngjela tha se ky zhvillim ishte n\u00eb favor t\u00eb Shqip\u00ebris\u00eb, teksa nuk e vendosi theksin tek futja n\u00eb sistemet digjitale. Sipas Ngjel\u00ebs, sulmi kibernetik nga nj\u00eb shtet islamik si Irani, hedh posht\u00eb akuzat e Rusis\u00eb dhe [&hellip;]<\/p>\n","protected":false},"author":2031,"featured_media":288483,"comment_status":"closed","ping_status":"closed","sticky":false,"template":"","format":"standard","meta":{"footnotes":""},"categories":[241,231,235],"tags":[],"class_list":{"0":"post-288482","1":"post","2":"type-post","3":"status-publish","4":"format-standard","5":"has-post-thumbnail","7":"category-aktualitet","8":"category-lajme","9":"category-vendi"},"_links":{"self":[{"href":"https:\/\/zjarr.tv\/sq\/wp-json\/wp\/v2\/posts\/288482","targetHints":{"allow":["GET"]}}],"collection":[{"href":"https:\/\/zjarr.tv\/sq\/wp-json\/wp\/v2\/posts"}],"about":[{"href":"https:\/\/zjarr.tv\/sq\/wp-json\/wp\/v2\/types\/post"}],"author":[{"embeddable":true,"href":"https:\/\/zjarr.tv\/sq\/wp-json\/wp\/v2\/users\/2031"}],"replies":[{"embeddable":true,"href":"https:\/\/zjarr.tv\/sq\/wp-json\/wp\/v2\/comments?post=288482"}],"version-history":[{"count":0,"href":"https:\/\/zjarr.tv\/sq\/wp-json\/wp\/v2\/posts\/288482\/revisions"}],"wp:featuredmedia":[{"embeddable":true,"href":"https:\/\/zjarr.tv\/sq\/wp-json\/wp\/v2\/media\/288483"}],"wp:attachment":[{"href":"https:\/\/zjarr.tv\/sq\/wp-json\/wp\/v2\/media?parent=288482"}],"wp:term":[{"taxonomy":"category","embeddable":true,"href":"https:\/\/zjarr.tv\/sq\/wp-json\/wp\/v2\/categories?post=288482"},{"taxonomy":"post_tag","embeddable":true,"href":"https:\/\/zjarr.tv\/sq\/wp-json\/wp\/v2\/tags?post=288482"}],"curies":[{"name":"wp","href":"https:\/\/api.w.org\/{rel}","templated":true}]}}