{"id":288492,"date":"2022-09-27T20:46:38","date_gmt":"2022-09-27T18:46:38","guid":{"rendered":"https:\/\/zjarr.tv\/?p=288492"},"modified":"2022-09-27T20:46:38","modified_gmt":"2022-09-27T18:46:38","slug":"si-ia-benit-kur-fasha-ishte-300-kwh-bejtja-edhe-pse-dimer-mundesite-per-kursim-jane-ne-cdo-familje-shqiptare","status":"publish","type":"post","link":"https:\/\/zjarr.tv\/sq\/si-ia-benit-kur-fasha-ishte-300-kwh-bejtja-edhe-pse-dimer-mundesite-per-kursim-jane-ne-cdo-familje-shqiptare\/","title":{"rendered":"\u201cSi ia b\u00ebnit kur fasha ishte 300 kwh?\u201d Bejtja: Edhe pse dim\u00ebr, mund\u00ebsit\u00eb p\u00ebr kursim jan\u00eb n\u00eb \u00e7do familje shqiptare"},"content":{"rendered":"<p>N\u00eb janar n\u00ebse do t\u00eb kemi nj\u00eb dim\u00ebr t\u00eb that\u00eb si ai q\u00eb lam\u00eb pas sa i p\u00ebrket reshjeve mund t\u00eb kemi rritje t\u00eb m\u00ebtejshme t\u00eb tarif\u00ebs se energjis\u00eb elektrike. Megjithat\u00eb, sipas zv\/ministri i Infrastruktur\u00ebs dhe Energjis\u00eb, Ilir Bejtja gjasat q\u00eb ky skenar t\u00eb ndodh\u00eb nuk jan\u00eb shum\u00eb t\u00eb m\u00ebdha.<\/p>\n<p>Pavar\u00ebsisht k\u00ebsaj, ai u b\u00ebri thirrje qytetar\u00ebve q\u00eb t\u00eb kursejn\u00eb n\u00ebse duan q\u00eb ky skenar t\u00eb b\u00ebhet realitet.<\/p>\n<p>Sipas tij, mund\u00ebsi p\u00ebr t\u00eb kursyer ekziston, pasi \u201c800 kWh n\u00eb muaj jan\u00eb t\u00eb mjaftueshme edhe p\u00ebr t\u2019u ngrohur gjat\u00eb dimrit.<\/p>\n<p>\u201cFashat i vendos qeveria\u2026Enti vendos p\u00ebr tarif\u00ebn n\u00ebse rezulton m\u00eb i ul\u00ebt nga importi, do vendoset nj\u00eb tarif\u00eb m\u00eb e ul\u00ebt. 42-lek\u00ebshi t\u00eb jet\u00eb m\u00eb i lart\u00eb, n\u00ebse do t\u00eb jet\u00eb vit i that\u00eb. Prandaj u themi konsumator\u00ebve q\u00eb t\u00eb kursejn\u00eb. Si ia b\u00ebn\u00eb kur fasha ishte 300 kwh n\u00eb muaj? Ne sot 258 kwh i japim vet\u00ebm p\u00ebr ngrohje ftohje. Mund\u00ebsi p\u00ebr t\u00eb kursyer ekziston n\u00eb \u00e7do familje shqiptare\u2026Nuk kemi v\u00ebn\u00eb re ndonj\u00eb organizim q\u00eb t\u00eb b\u00ebje thirrje t\u00eb kurset energjia. Askush si tejkalon 800, ato para q\u00eb ne prishim p\u00ebr energjin\u00eb nuk mbesin n\u00eb Shqip\u00ebri, shkojn\u00eb jasht\u00eb.\u201d<\/p>\n<p>Vendimi p\u00ebr vendosjen e fash\u00ebs s\u00eb energjis\u00eb elektrike n\u00eb 800 kwh n\u00eb muaj zv\/ministri i Infrastruktur\u00ebs dhe Energjis\u00eb tha se n\u00ebse vendosen n\u00eb pun\u00eb dy platformat e l\u00ebvizshme n\u00eb Vlor\u00eb, TEC-i i Vlor\u00ebs dhe parqet fotovoltaike, Shqip\u00ebria n\u00eb vitin 2024 do t\u00eb jet\u00eb eksportuese neto e energjis\u00eb elektrike. \/abcnews.al\/<\/p>\n","protected":false},"excerpt":{"rendered":"<p>N\u00eb janar n\u00ebse do t\u00eb kemi nj\u00eb dim\u00ebr t\u00eb that\u00eb si ai q\u00eb lam\u00eb pas sa i p\u00ebrket reshjeve mund t\u00eb kemi rritje t\u00eb m\u00ebtejshme t\u00eb tarif\u00ebs se energjis\u00eb elektrike. Megjithat\u00eb, sipas zv\/ministri i Infrastruktur\u00ebs dhe Energjis\u00eb, Ilir Bejtja gjasat q\u00eb ky skenar t\u00eb ndodh\u00eb nuk jan\u00eb shum\u00eb t\u00eb m\u00ebdha. Pavar\u00ebsisht k\u00ebsaj, ai u b\u00ebri [&hellip;]<\/p>\n","protected":false},"author":2031,"featured_media":288493,"comment_status":"closed","ping_status":"closed","sticky":false,"template":"","format":"standard","meta":{"footnotes":""},"categories":[241,231],"tags":[],"class_list":{"0":"post-288492","1":"post","2":"type-post","3":"status-publish","4":"format-standard","5":"has-post-thumbnail","7":"category-aktualitet","8":"category-lajme"},"_links":{"self":[{"href":"https:\/\/zjarr.tv\/sq\/wp-json\/wp\/v2\/posts\/288492","targetHints":{"allow":["GET"]}}],"collection":[{"href":"https:\/\/zjarr.tv\/sq\/wp-json\/wp\/v2\/posts"}],"about":[{"href":"https:\/\/zjarr.tv\/sq\/wp-json\/wp\/v2\/types\/post"}],"author":[{"embeddable":true,"href":"https:\/\/zjarr.tv\/sq\/wp-json\/wp\/v2\/users\/2031"}],"replies":[{"embeddable":true,"href":"https:\/\/zjarr.tv\/sq\/wp-json\/wp\/v2\/comments?post=288492"}],"version-history":[{"count":0,"href":"https:\/\/zjarr.tv\/sq\/wp-json\/wp\/v2\/posts\/288492\/revisions"}],"wp:featuredmedia":[{"embeddable":true,"href":"https:\/\/zjarr.tv\/sq\/wp-json\/wp\/v2\/media\/288493"}],"wp:attachment":[{"href":"https:\/\/zjarr.tv\/sq\/wp-json\/wp\/v2\/media?parent=288492"}],"wp:term":[{"taxonomy":"category","embeddable":true,"href":"https:\/\/zjarr.tv\/sq\/wp-json\/wp\/v2\/categories?post=288492"},{"taxonomy":"post_tag","embeddable":true,"href":"https:\/\/zjarr.tv\/sq\/wp-json\/wp\/v2\/tags?post=288492"}],"curies":[{"name":"wp","href":"https:\/\/api.w.org\/{rel}","templated":true}]}}