{"id":288502,"date":"2022-09-27T21:00:57","date_gmt":"2022-09-27T19:00:57","guid":{"rendered":"https:\/\/zjarr.tv\/?p=288502"},"modified":"2022-09-27T21:00:57","modified_gmt":"2022-09-27T19:00:57","slug":"rrogat-ne-shqiperi-duhet-te-jene-1-mln-leke-e-kam-me-studim-ngjela-per-amnistine-fiskale-zhvillim-pozitiv-ja-cfare-duhet-te-beje-qeveria","status":"publish","type":"post","link":"https:\/\/zjarr.tv\/sq\/rrogat-ne-shqiperi-duhet-te-jene-1-mln-leke-e-kam-me-studim-ngjela-per-amnistine-fiskale-zhvillim-pozitiv-ja-cfare-duhet-te-beje-qeveria\/","title":{"rendered":"\u201cRrogat n\u00eb Shqip\u00ebri duhet t\u00eb jen\u00eb 1 mln lek\u00eb, e kam me studim\u201d\/ Ngjela p\u00ebr amnistin\u00eb fiskale: Zhvillim pozitiv! Ja \u00e7far\u00eb duhet t\u00eb b\u00ebj\u00eb qeveria"},"content":{"rendered":"<p>P\u00ebr avokatin Spartak Ngjela, nj\u00eb nd\u00ebr t\u00eb metat e qeveris\u00eb aktuale \u00ebsht\u00eb mungesa e prodhimit industrial. Sipas tij, Shqip\u00ebria jeton me remitanca dhe eksportin e ka t\u00eb ul\u00ebt.<\/p>\n<p>I ftuar n\u00eb emisionin \u201cFrontline\u201d, Ngjela u shpreh se rroga minimale n\u00eb vend duhet t\u00eb jet\u00eb 1 milion\u00eb lek\u00eb t\u00eb vjetra, nd\u00ebrsa pensionet 500 mij\u00eb lek\u00eb.<\/p>\n<p>Ngjela: Marr\u00ebdh\u00ebnien me nd\u00ebrkomb\u00ebtar\u00ebt n\u00eb per\u00ebndim, nuk e ka keq. Zhvillimin e brendsh\u00ebm nuk e ka mir\u00eb, sepse nuk ka prodhim industrial. Shqip\u00ebria jeton me remitanca, eksportin e ka t\u00eb vog\u00ebl. Bujq\u00ebsia ka l\u00ebvizje p\u00ebr ngritje. rrogat jan\u00eb t\u00eb ul\u00ebta. Si duhet t\u00eb jen\u00eb rrogat n\u00eb Shqip\u00ebri? Sipas kalkulimeve q\u00eb kam b\u00ebr\u00eb un\u00eb me ekspert\u00eb t\u00eb caktuar, duhet t\u00eb jet\u00eb rroga minimale 1 mln lek\u00eb dhe pensionet 500 mij\u00eb lek\u00eb t\u00eb vjetra. A do e b\u00ebj\u00eb Rama k\u00ebt\u00eb? Un\u00eb e kam denoncuar k\u00ebt\u00eb, m\u00eb kan\u00eb ardhur disa veta dhe m\u00eb kan\u00eb th\u00ebn\u00eb q\u00eb qeveria do e realizoj\u00eb k\u00ebt\u00eb. Po e realizoi, bravo i qoft\u00eb, nd\u00ebrsa deri tani nuk ka ndodhur. Fakti q\u00eb nuk ka ngritur rrogat, ka krijuar akses p\u00ebr rinin\u00eb t\u00eb largohet nga Shqip\u00ebria.<\/p>\n<p>Nuk ka paga, ai k\u00ebrkon t\u00eb marr\u00eb paga jasht\u00eb. Rrog\u00eb n\u00ebn 1 mln lek\u00eb t\u00eb vjetra nuk mund t\u00eb ket\u00eb dhe pension n\u00ebn 500 mij\u00eb lek\u00eb t\u00eb vjetra nuk mund t\u00eb ket\u00eb. E kam me studim, nuk ka utopi. Un\u00eb k\u00ebt\u00eb e kam th\u00ebn\u00eb dhe m\u00eb kan\u00eb ardhur 2-3 veta m\u00eb kan\u00eb th\u00ebn\u00eb q\u00eb qeveria do e vendos\u00eb n\u00eb axhend\u00eb.<\/p>\n<p>Avokati Ngjela komentoi edhe nism\u00ebn e qeveris\u00eb shqiptare p\u00ebr amnistin\u00eb fiskale. Ai e konsideroi nj\u00eb zhvillim pozitiv, pasi parat\u00eb do t\u00eb futen n\u00eb sistemin bankar e m\u00eb pas n\u00eb treg, \u00e7ka do t\u00eb sjell\u00eb zhvillim komb\u00ebtar.<\/p>\n<p>Ngjela: \u00cbsht\u00eb nj\u00eb gj\u00eb shum\u00eb pozitive. Un\u00eb njoh tregun. Nuk \u00ebsht\u00eb vet\u00ebm kaq, ky i legalizon k\u00ebto dhe jan\u00eb t\u00eb detyruar t\u2019i vendosin n\u00eb bank\u00eb. Jan\u00eb n\u00eb treg, do t\u00eb sjell\u00eb zhvillim komb\u00ebtar. D\u00ebgjo ligjin amerikan. Ligji \u00ebsht\u00eb ky, nuk do t\u2019ia di ku i ke gjetur, mjafton t\u2019i dor\u00ebzosh p\u00ebr t\u00eb paguar taks\u00ebn. Ato shkojn\u00eb n\u00eb bank\u00eb, n\u00ebse dalin se jan\u00eb marr\u00eb p\u00ebrmes nj\u00eb krimi, me t\u00eb cilin jan\u00eb fituar parat\u00eb, ato nuk preken dhe ky shkon n\u00eb burg. K\u00ebta nuk e kan\u00eb b\u00ebr\u00eb k\u00ebta, ndaj duhet ta b\u00ebjn\u00eb.<\/p>\n<p>\u00a9 Panorama.al<\/p>\n","protected":false},"excerpt":{"rendered":"<p>P\u00ebr avokatin Spartak Ngjela, nj\u00eb nd\u00ebr t\u00eb metat e qeveris\u00eb aktuale \u00ebsht\u00eb mungesa e prodhimit industrial. Sipas tij, Shqip\u00ebria jeton me remitanca dhe eksportin e ka t\u00eb ul\u00ebt. I ftuar n\u00eb emisionin \u201cFrontline\u201d, Ngjela u shpreh se rroga minimale n\u00eb vend duhet t\u00eb jet\u00eb 1 milion\u00eb lek\u00eb t\u00eb vjetra, nd\u00ebrsa pensionet 500 mij\u00eb lek\u00eb. Ngjela: [&hellip;]<\/p>\n","protected":false},"author":2031,"featured_media":161047,"comment_status":"closed","ping_status":"closed","sticky":false,"template":"","format":"standard","meta":{"footnotes":""},"categories":[241,231,235],"tags":[],"class_list":{"0":"post-288502","1":"post","2":"type-post","3":"status-publish","4":"format-standard","5":"has-post-thumbnail","7":"category-aktualitet","8":"category-lajme","9":"category-vendi"},"_links":{"self":[{"href":"https:\/\/zjarr.tv\/sq\/wp-json\/wp\/v2\/posts\/288502","targetHints":{"allow":["GET"]}}],"collection":[{"href":"https:\/\/zjarr.tv\/sq\/wp-json\/wp\/v2\/posts"}],"about":[{"href":"https:\/\/zjarr.tv\/sq\/wp-json\/wp\/v2\/types\/post"}],"author":[{"embeddable":true,"href":"https:\/\/zjarr.tv\/sq\/wp-json\/wp\/v2\/users\/2031"}],"replies":[{"embeddable":true,"href":"https:\/\/zjarr.tv\/sq\/wp-json\/wp\/v2\/comments?post=288502"}],"version-history":[{"count":0,"href":"https:\/\/zjarr.tv\/sq\/wp-json\/wp\/v2\/posts\/288502\/revisions"}],"wp:featuredmedia":[{"embeddable":true,"href":"https:\/\/zjarr.tv\/sq\/wp-json\/wp\/v2\/media\/161047"}],"wp:attachment":[{"href":"https:\/\/zjarr.tv\/sq\/wp-json\/wp\/v2\/media?parent=288502"}],"wp:term":[{"taxonomy":"category","embeddable":true,"href":"https:\/\/zjarr.tv\/sq\/wp-json\/wp\/v2\/categories?post=288502"},{"taxonomy":"post_tag","embeddable":true,"href":"https:\/\/zjarr.tv\/sq\/wp-json\/wp\/v2\/tags?post=288502"}],"curies":[{"name":"wp","href":"https:\/\/api.w.org\/{rel}","templated":true}]}}