{"id":288509,"date":"2022-09-27T21:07:47","date_gmt":"2022-09-27T19:07:47","guid":{"rendered":"https:\/\/zjarr.tv\/?p=288509"},"modified":"2022-09-27T21:07:47","modified_gmt":"2022-09-27T19:07:47","slug":"osmani-dokumenti-per-dialogun-qe-ekziston-eshte-ai-i-kosoves-me-6-kapituj-te-tjera-skemi-pare","status":"publish","type":"post","link":"https:\/\/zjarr.tv\/sq\/osmani-dokumenti-per-dialogun-qe-ekziston-eshte-ai-i-kosoves-me-6-kapituj-te-tjera-skemi-pare\/","title":{"rendered":"Osmani: Dokumenti p\u00ebr dialogun q\u00eb ekziston \u00ebsht\u00eb ai i Kosov\u00ebs me 6 kapituj, t\u00eb tjera s\u2019kemi par\u00eb"},"content":{"rendered":"<p>Presidentja Vjosa Osmani ka th\u00ebn\u00eb se dokumenti p\u00ebr dialogun q\u00eb ekziston \u00ebsht\u00eb propozimi i Kosov\u00ebs me 6 kapituj p\u00ebr marr\u00ebveshjen finale me Serbin\u00eb.<\/p>\n<p>Osmani i demantoi dokumentet dhe propozimet e ndryshme q\u00eb kan\u00eb qarkulluar k\u00ebto dit\u00eb n\u00eb media t\u00eb ndryshme lidhur me \u00e7\u00ebshtjen e dialogut mes Kosov\u00ebs dhe Serbis\u00eb.<\/p>\n<p>\u201cKa p\u00ebrpjekje intensive q\u00eb dialogu me Serbin\u00eb t\u00eb fokusohet n\u00eb nj\u00eb marr\u00ebveshje finale dhe kjo besoj \u00ebsht\u00eb n\u00eb t\u00eb mir\u00eb t\u00eb procesit. Sepse duhet t\u00eb shkojm\u00eb nga marr\u00ebveshjet individuale n\u00eb at\u00eb finale.<\/p>\n<p>Sa i p\u00ebrket marr\u00ebveshjes finale, Kosova ka propozuar n\u00eb diskutimet q\u00eb kan\u00eb qen\u00eb n\u00eb takimet e fundit, kan\u00eb b\u00ebr\u00eb propozimet e saj, n\u00eb 6 kapituj kryesor\u00eb, ato jan\u00eb publike, pra ky \u00ebsht\u00eb dokumenti q\u00eb ekziston, propozimi i republik\u00ebs s\u00eb Kosov\u00ebs.<\/p>\n<p>Ajo q\u00eb \u00ebsht\u00eb publikuar n\u00eb disa media se kinse \u00ebsht\u00eb di\u00e7ka q\u00eb na ka ardh neve, nuk \u00ebsht\u00eb dokument q\u00eb ka ardh\u00eb ndonj\u00ebher\u00eb tek ne\u201d, tha Osmani n\u00eb nj\u00eb intervist\u00eb p\u00ebr rtv21.<\/p>\n","protected":false},"excerpt":{"rendered":"<p>Presidentja Vjosa Osmani ka th\u00ebn\u00eb se dokumenti p\u00ebr dialogun q\u00eb ekziston \u00ebsht\u00eb propozimi i Kosov\u00ebs me 6 kapituj p\u00ebr marr\u00ebveshjen finale me Serbin\u00eb. Osmani i demantoi dokumentet dhe propozimet e ndryshme q\u00eb kan\u00eb qarkulluar k\u00ebto dit\u00eb n\u00eb media t\u00eb ndryshme lidhur me \u00e7\u00ebshtjen e dialogut mes Kosov\u00ebs dhe Serbis\u00eb. \u201cKa p\u00ebrpjekje intensive q\u00eb dialogu me [&hellip;]<\/p>\n","protected":false},"author":2031,"featured_media":174400,"comment_status":"closed","ping_status":"closed","sticky":false,"template":"","format":"standard","meta":{"footnotes":""},"categories":[241,231,235],"tags":[],"class_list":{"0":"post-288509","1":"post","2":"type-post","3":"status-publish","4":"format-standard","5":"has-post-thumbnail","7":"category-aktualitet","8":"category-lajme","9":"category-vendi"},"_links":{"self":[{"href":"https:\/\/zjarr.tv\/sq\/wp-json\/wp\/v2\/posts\/288509","targetHints":{"allow":["GET"]}}],"collection":[{"href":"https:\/\/zjarr.tv\/sq\/wp-json\/wp\/v2\/posts"}],"about":[{"href":"https:\/\/zjarr.tv\/sq\/wp-json\/wp\/v2\/types\/post"}],"author":[{"embeddable":true,"href":"https:\/\/zjarr.tv\/sq\/wp-json\/wp\/v2\/users\/2031"}],"replies":[{"embeddable":true,"href":"https:\/\/zjarr.tv\/sq\/wp-json\/wp\/v2\/comments?post=288509"}],"version-history":[{"count":0,"href":"https:\/\/zjarr.tv\/sq\/wp-json\/wp\/v2\/posts\/288509\/revisions"}],"wp:featuredmedia":[{"embeddable":true,"href":"https:\/\/zjarr.tv\/sq\/wp-json\/wp\/v2\/media\/174400"}],"wp:attachment":[{"href":"https:\/\/zjarr.tv\/sq\/wp-json\/wp\/v2\/media?parent=288509"}],"wp:term":[{"taxonomy":"category","embeddable":true,"href":"https:\/\/zjarr.tv\/sq\/wp-json\/wp\/v2\/categories?post=288509"},{"taxonomy":"post_tag","embeddable":true,"href":"https:\/\/zjarr.tv\/sq\/wp-json\/wp\/v2\/tags?post=288509"}],"curies":[{"name":"wp","href":"https:\/\/api.w.org\/{rel}","templated":true}]}}