{"id":288515,"date":"2022-09-27T21:20:45","date_gmt":"2022-09-27T19:20:45","guid":{"rendered":"https:\/\/zjarr.tv\/?p=288515"},"modified":"2022-09-27T21:20:45","modified_gmt":"2022-09-27T19:20:45","slug":"me-foton-duke-u-perqafuar-stresi-uron-per-here-te-pare-noizyn-per-ditelindje-faleminderit-per-gjithcka","status":"publish","type":"post","link":"https:\/\/zjarr.tv\/sq\/me-foton-duke-u-perqafuar-stresi-uron-per-here-te-pare-noizyn-per-ditelindje-faleminderit-per-gjithcka\/","title":{"rendered":"Me foton duke u p\u00ebrqafuar, Stresi uron p\u00ebr her\u00eb t\u00eb par\u00eb Noizyn p\u00ebr dit\u00eblindje: Faleminderit p\u00ebr gjith\u00e7ka"},"content":{"rendered":"<p>Reperi i njohur, Noizy feston sot dit\u00eblindjen dhe mbush 36 vje\u00e7. Ai ka marr\u00eb shum\u00eb urime, por m\u00eb surprizuesi ishte pik\u00ebrisht i Stresit.<\/p>\n<p>Ky i fundit ka ndar\u00eb n\u00eb Instagram nj\u00eb foto nga koncerti \u201cAlpha Show\u201d, ku shihen t\u00eb p\u00ebrqafuar.<\/p>\n<p>\u201cU b\u00ebfsh 100! Zoti qoft\u00eb me ty n\u00eb \u00e7do hap t\u00eb jet\u00ebs sate. G\u00ebzofsh gjith\u00eb jet\u00ebn. Faleminderit p\u00ebr gjith\u00e7ka\u201d, ka shkruar Stresi p\u00ebrmbi foto.<\/p>\n","protected":false},"excerpt":{"rendered":"<p>Reperi i njohur, Noizy feston sot dit\u00eblindjen dhe mbush 36 vje\u00e7. Ai ka marr\u00eb shum\u00eb urime, por m\u00eb surprizuesi ishte pik\u00ebrisht i Stresit. Ky i fundit ka ndar\u00eb n\u00eb Instagram nj\u00eb foto nga koncerti \u201cAlpha Show\u201d, ku shihen t\u00eb p\u00ebrqafuar. \u201cU b\u00ebfsh 100! Zoti qoft\u00eb me ty n\u00eb \u00e7do hap t\u00eb jet\u00ebs sate. G\u00ebzofsh gjith\u00eb [&hellip;]<\/p>\n","protected":false},"author":2031,"featured_media":288516,"comment_status":"closed","ping_status":"closed","sticky":false,"template":"","format":"standard","meta":{"footnotes":""},"categories":[193],"tags":[],"class_list":{"0":"post-288515","1":"post","2":"type-post","3":"status-publish","4":"format-standard","5":"has-post-thumbnail","7":"category-showbiz"},"_links":{"self":[{"href":"https:\/\/zjarr.tv\/sq\/wp-json\/wp\/v2\/posts\/288515","targetHints":{"allow":["GET"]}}],"collection":[{"href":"https:\/\/zjarr.tv\/sq\/wp-json\/wp\/v2\/posts"}],"about":[{"href":"https:\/\/zjarr.tv\/sq\/wp-json\/wp\/v2\/types\/post"}],"author":[{"embeddable":true,"href":"https:\/\/zjarr.tv\/sq\/wp-json\/wp\/v2\/users\/2031"}],"replies":[{"embeddable":true,"href":"https:\/\/zjarr.tv\/sq\/wp-json\/wp\/v2\/comments?post=288515"}],"version-history":[{"count":0,"href":"https:\/\/zjarr.tv\/sq\/wp-json\/wp\/v2\/posts\/288515\/revisions"}],"wp:featuredmedia":[{"embeddable":true,"href":"https:\/\/zjarr.tv\/sq\/wp-json\/wp\/v2\/media\/288516"}],"wp:attachment":[{"href":"https:\/\/zjarr.tv\/sq\/wp-json\/wp\/v2\/media?parent=288515"}],"wp:term":[{"taxonomy":"category","embeddable":true,"href":"https:\/\/zjarr.tv\/sq\/wp-json\/wp\/v2\/categories?post=288515"},{"taxonomy":"post_tag","embeddable":true,"href":"https:\/\/zjarr.tv\/sq\/wp-json\/wp\/v2\/tags?post=288515"}],"curies":[{"name":"wp","href":"https:\/\/api.w.org\/{rel}","templated":true}]}}