{"id":288528,"date":"2022-09-27T21:32:32","date_gmt":"2022-09-27T19:32:32","guid":{"rendered":"https:\/\/zjarr.tv\/?p=288528"},"modified":"2022-09-27T21:32:32","modified_gmt":"2022-09-27T19:32:32","slug":"berisha-rama-iken-me-revolte-popullore-mjeket-dhe-sipermarresit-te-ngrihen-ne-protesta","status":"publish","type":"post","link":"https:\/\/zjarr.tv\/sq\/berisha-rama-iken-me-revolte-popullore-mjeket-dhe-sipermarresit-te-ngrihen-ne-protesta\/","title":{"rendered":"Berisha: Rama ik\u00ebn me revolt\u00eb popullore! Mjek\u00ebt dhe sip\u00ebrmarr\u00ebsit t\u00eb ngrihen n\u00eb protesta"},"content":{"rendered":"<p>Kryetari i Partis\u00eb Demokratike Sali Berisha deklaroi se Edi Rama largohet nga pushteti vet\u00ebm me revolta popullore. Gjat\u00eb nj\u00eb takimi me banor\u00ebt e Gramshit, Berisha akuzoi qeverin\u00eb se ka nj\u00eb politik\u00eb p\u00ebr shpopullimin e vendit sikund\u00ebr theksoi se Edi Rama ka marr\u00eb n\u00eb dor\u00eb t\u00eb gjitha pushtetet. Berisha vler\u00ebsoi procesin e primareve, si dhe theksoi se Partia Demokratike do t\u00eb dor\u00ebzoj\u00eb projektligjin p\u00ebr lustracionin.<\/p>\n<p>Lideri i opozit\u00ebs Sali Berisha iu b\u00ebri thirrje qytetar\u00ebve q\u00eb t\u00eb mobilizohen p\u00ebr t\u2019u ngritur n\u00eb protesta t\u00eb fuqishme kund\u00ebr qeveris\u00eb s\u00eb Edi Ram\u00ebs. Nga Gramshi, Berisha hodhi akuza n\u00eb drejtim t\u00eb mazhoranc\u00ebs socialiste p\u00ebr politikat e ndjekura k\u00ebto 9 vite, nd\u00ebrsa pati edhe nj\u00eb apel p\u00ebr bluzat e bardha dhe sip\u00ebrmarr\u00ebsit q\u00eb t&#8217;i p\u00ebrgjigjen politikave t\u00eb qeveris\u00eb duke protestuar.<\/p>\n<p>Nj\u00eb dit\u00eb pas diskutimeve p\u00ebr rregulloren e primareve, Berisha vler\u00ebsoi k\u00ebt\u00eb proces dhe zgjedhjet brenda partis\u00eb. Sa i takon bashk\u00ebpun\u00ebtor\u00ebve t\u00eb ish-sigurimit t\u00eb shtetit, Berisha b\u00ebri me dije se t\u00eb m\u00ebrkur\u00ebn do t\u00eb dor\u00ebzoj\u00eb n\u00eb Kuvend projektligjin p\u00ebr Lustracionin.  <\/p>\n<p>Berisha u ndal edhe tek dosja e lobimit me financime ruse e cila rendon mbi ish-kreun e partis\u00eb, Lulzim Basha. Sali Berisha akuzoi qeverin\u00eb socialiste se me trefishimin e \u00e7mimeve rriti t\u00eb ardhurat, po nuk u ktheu asgj\u00eb qytetar\u00ebve.<\/p>\n","protected":false},"excerpt":{"rendered":"<p>Kryetari i Partis\u00eb Demokratike Sali Berisha deklaroi se Edi Rama largohet nga pushteti vet\u00ebm me revolta popullore. Gjat\u00eb nj\u00eb takimi me banor\u00ebt e Gramshit, Berisha akuzoi qeverin\u00eb se ka nj\u00eb politik\u00eb p\u00ebr shpopullimin e vendit sikund\u00ebr theksoi se Edi Rama ka marr\u00eb n\u00eb dor\u00eb t\u00eb gjitha pushtetet. Berisha vler\u00ebsoi procesin e primareve, si dhe theksoi [&hellip;]<\/p>\n","protected":false},"author":2031,"featured_media":267509,"comment_status":"closed","ping_status":"closed","sticky":false,"template":"","format":"standard","meta":{"footnotes":""},"categories":[241,231,235],"tags":[],"class_list":{"0":"post-288528","1":"post","2":"type-post","3":"status-publish","4":"format-standard","5":"has-post-thumbnail","7":"category-aktualitet","8":"category-lajme","9":"category-vendi"},"_links":{"self":[{"href":"https:\/\/zjarr.tv\/sq\/wp-json\/wp\/v2\/posts\/288528","targetHints":{"allow":["GET"]}}],"collection":[{"href":"https:\/\/zjarr.tv\/sq\/wp-json\/wp\/v2\/posts"}],"about":[{"href":"https:\/\/zjarr.tv\/sq\/wp-json\/wp\/v2\/types\/post"}],"author":[{"embeddable":true,"href":"https:\/\/zjarr.tv\/sq\/wp-json\/wp\/v2\/users\/2031"}],"replies":[{"embeddable":true,"href":"https:\/\/zjarr.tv\/sq\/wp-json\/wp\/v2\/comments?post=288528"}],"version-history":[{"count":0,"href":"https:\/\/zjarr.tv\/sq\/wp-json\/wp\/v2\/posts\/288528\/revisions"}],"wp:featuredmedia":[{"embeddable":true,"href":"https:\/\/zjarr.tv\/sq\/wp-json\/wp\/v2\/media\/267509"}],"wp:attachment":[{"href":"https:\/\/zjarr.tv\/sq\/wp-json\/wp\/v2\/media?parent=288528"}],"wp:term":[{"taxonomy":"category","embeddable":true,"href":"https:\/\/zjarr.tv\/sq\/wp-json\/wp\/v2\/categories?post=288528"},{"taxonomy":"post_tag","embeddable":true,"href":"https:\/\/zjarr.tv\/sq\/wp-json\/wp\/v2\/tags?post=288528"}],"curies":[{"name":"wp","href":"https:\/\/api.w.org\/{rel}","templated":true}]}}