{"id":288555,"date":"2022-09-27T22:00:24","date_gmt":"2022-09-27T20:00:24","guid":{"rendered":"https:\/\/zjarr.tv\/?p=288555"},"modified":"2022-09-27T22:00:24","modified_gmt":"2022-09-27T20:00:24","slug":"harxhi-meloni-eshte-konservatore-e-paster-nuk-ka-lidhje-me-fashizmin","status":"publish","type":"post","link":"https:\/\/zjarr.tv\/sq\/harxhi-meloni-eshte-konservatore-e-paster-nuk-ka-lidhje-me-fashizmin\/","title":{"rendered":"Harxhi: Meloni \u00ebsht\u00eb konservatore e past\u00ebr, nuk ka lidhje me fashizmin"},"content":{"rendered":"<p>Diplomatja Edith Harxhi e ftuar n\u00eb \u201cLog.\u201d n\u00eb Abc t\u00eb gazetarit Endri Xhafo, ka folur p\u00ebr zgjedhjet n\u00eb Itali, ku surpriza ishte fitorja e \u201cFratlli D\u2019Italia\u201d t\u00eb Giorgia Melonit.<\/p>\n<p>Ajo tha se ndryshimet n\u00eb Itali vijn\u00eb si pasoj\u00eb e krizave, nd\u00ebrsa shtoi se nuk ka asnj\u00eb lidhje mes Melonit dhe fashizmit.<\/p>\n<p>Pjes\u00eb nga biseda:<\/p>\n<p>Xhafo: Shembulli q\u00eb na sjell Italia q\u00eb bashkimi b\u00ebn fuqin\u00eb dhe mosbashkimi sjell p\u00ebr\u00e7arje, a \u00ebsht\u00eb ky momenti p\u00ebr t\u00eb m\u00ebsuar opozita?<\/p>\n<p>Harxhi: Un\u00eb mendoj se profesor Milo ka t\u00eb drejt\u00eb kur thot\u00eb se ndryshime t\u00eb m\u00ebdha ndodhin n\u00eb koh\u00eb krizash. Por nuk kemi kriz\u00eb italiane kemi kriz\u00eb globale, ka qen\u00eb Brexit, efekti Trump pastaj \u00ebsht\u00eb pandemia. Faktikisht Brezit ishte ajo q\u00eb b\u00ebri thyerjen e madhe me at\u00eb iden\u00eb q\u00eb popujt po reagojn\u00eb p\u00ebr tu shk\u00ebputur nga ajo q\u00eb kishte filluar.<\/p>\n<p> Ju e dini mendimin p\u00ebr Brexit dhe e mb\u00ebshtes dhe e mbroj. K\u00ebto jan\u00eb tre p\u00ebrplasjet e m\u00ebdha t\u00eb civilizimit. Kemi par\u00eb nj\u00eb rritje t\u00eb Kin\u00ebs, por dhe nj\u00eb lloj zgjimi q\u00eb \u00ebsht\u00eb b\u00ebr\u00eb. L\u00ebvizjet e djathta apo t\u00eb majta jan\u00eb pasoj\u00eb e k\u00ebsaj krize. Nj\u00eb nga k\u00ebto \u00ebsht\u00eb n\u00eb 2018-n n\u00eb Itali \u201c5 Yjet\u201d. Asnj\u00eb nga ne nuk e priste q\u00eb nj\u00eb l\u00ebvizje e krijuar nga nj\u00eb komedian t\u00eb merrte shumic\u00ebn. Un\u00eb dua ta shoh m\u00eb tep\u00ebr n\u00eb nj\u00eb kriz\u00eb globale. Fitorja e s\u00eb djatht\u00ebs n\u00eb Italia i takon Giorgia Melonit. I dedikohet Melonit pasi ajo \u00ebsht\u00eb konservatore e past\u00ebr dhe se i till\u00eb nja nga parimet baz\u00eb t\u00eb konservatorizmit \u00ebsht\u00eb vazhdim\u00ebsia. M\u00eb vjen keq q\u00eb e kan\u00eb cil\u00ebsuar shpesh her\u00eb si pjes\u00eb t\u00eb ekstremit t\u00eb djatht\u00eb, vet\u00ebm tek ekstremi i djatht\u00eb nuk \u00ebsht\u00eb.<\/p>\n<p>Xhafaj: Ka mburrur Musolinin.<\/p>\n<p>Harxhi: Edhe kjo nuk ka lidhje pasi edhe Liz Truss ishte kund\u00ebr monarkis\u00eb. Kriza italiane vjen si pasoj\u00eb e zhvillimeve globale, por Italia mbetet baromet\u00ebr. Nuk \u00ebsht\u00eb vet\u00ebm fitorja e Melonit n\u00eb Itali, por dhe e s\u00eb djatht\u00ebs n\u00eb Suedi.<\/p>\n<p>\/Abcnews.al\/<\/p>\n","protected":false},"excerpt":{"rendered":"<p>Diplomatja Edith Harxhi e ftuar n\u00eb \u201cLog.\u201d n\u00eb Abc t\u00eb gazetarit Endri Xhafo, ka folur p\u00ebr zgjedhjet n\u00eb Itali, ku surpriza ishte fitorja e \u201cFratlli D\u2019Italia\u201d t\u00eb Giorgia Melonit. Ajo tha se ndryshimet n\u00eb Itali vijn\u00eb si pasoj\u00eb e krizave, nd\u00ebrsa shtoi se nuk ka asnj\u00eb lidhje mes Melonit dhe fashizmit. Pjes\u00eb nga biseda: Xhafo: [&hellip;]<\/p>\n","protected":false},"author":2031,"featured_media":188867,"comment_status":"closed","ping_status":"closed","sticky":false,"template":"","format":"standard","meta":{"footnotes":""},"categories":[241,231,235],"tags":[],"class_list":{"0":"post-288555","1":"post","2":"type-post","3":"status-publish","4":"format-standard","5":"has-post-thumbnail","7":"category-aktualitet","8":"category-lajme","9":"category-vendi"},"_links":{"self":[{"href":"https:\/\/zjarr.tv\/sq\/wp-json\/wp\/v2\/posts\/288555","targetHints":{"allow":["GET"]}}],"collection":[{"href":"https:\/\/zjarr.tv\/sq\/wp-json\/wp\/v2\/posts"}],"about":[{"href":"https:\/\/zjarr.tv\/sq\/wp-json\/wp\/v2\/types\/post"}],"author":[{"embeddable":true,"href":"https:\/\/zjarr.tv\/sq\/wp-json\/wp\/v2\/users\/2031"}],"replies":[{"embeddable":true,"href":"https:\/\/zjarr.tv\/sq\/wp-json\/wp\/v2\/comments?post=288555"}],"version-history":[{"count":0,"href":"https:\/\/zjarr.tv\/sq\/wp-json\/wp\/v2\/posts\/288555\/revisions"}],"wp:featuredmedia":[{"embeddable":true,"href":"https:\/\/zjarr.tv\/sq\/wp-json\/wp\/v2\/media\/188867"}],"wp:attachment":[{"href":"https:\/\/zjarr.tv\/sq\/wp-json\/wp\/v2\/media?parent=288555"}],"wp:term":[{"taxonomy":"category","embeddable":true,"href":"https:\/\/zjarr.tv\/sq\/wp-json\/wp\/v2\/categories?post=288555"},{"taxonomy":"post_tag","embeddable":true,"href":"https:\/\/zjarr.tv\/sq\/wp-json\/wp\/v2\/tags?post=288555"}],"curies":[{"name":"wp","href":"https:\/\/api.w.org\/{rel}","templated":true}]}}