{"id":290188,"date":"2022-10-03T16:37:54","date_gmt":"2022-10-03T14:37:54","guid":{"rendered":"https:\/\/zjarr.tv\/?p=290188"},"modified":"2022-10-03T16:37:54","modified_gmt":"2022-10-03T14:37:54","slug":"25-vjetori-i-ngritjes-se-shkolles-se-magjistratures-ambasadorja-e-be-se-ne-tirane-faktor-kyc-per-perfundimin-e-reformes-ne-drejtesi-mbeshtetje-e-plote-nga-unioni","status":"publish","type":"post","link":"https:\/\/zjarr.tv\/sq\/25-vjetori-i-ngritjes-se-shkolles-se-magjistratures-ambasadorja-e-be-se-ne-tirane-faktor-kyc-per-perfundimin-e-reformes-ne-drejtesi-mbeshtetje-e-plote-nga-unioni\/","title":{"rendered":"25-vjetori i ngritjes s\u00eb Shkoll\u00ebs s\u00eb Magjistratur\u00ebs\/ Ambasadorja e BE-s\u00eb n\u00eb Tiran\u00eb: Faktor ky\u00e7 p\u00ebr p\u00ebrfundimin e reform\u00ebs n\u00eb drejt\u00ebsi! Mb\u00ebshtetje e plot\u00eb nga unioni"},"content":{"rendered":"<p>Ambasadorja e Bashkimit Europian n\u00eb Tiran\u00eb, Christiane Hohmann e ka konsideruar faktor ky\u00e7 Shkoll\u00ebn e Magjistratur\u00ebs p\u00ebr reform\u00ebn n\u00eb drejt\u00ebsi. Hohman ishte e pranishme sot n\u00eb ceremonin\u00eb e 25-vjetorit t\u00eb ngritjes s\u00eb Shkoll\u00ebs s\u00eb Magjistratur\u00ebs. Ajo shprehu mb\u00ebshtetjen e plot\u00eb t\u00eb BE-s\u00eb p\u00ebr shkoll\u00ebn dhe student\u00ebt e saj.<\/p>\n<p><strong>Postimi i Ambasad\u00ebs s\u00eb Bashkimit Europian:<\/strong><\/p>\n<p><em>25 vjet m\u00eb par\u00eb #BE kontribuoi n\u00eb ngritjen e Shkoll\u00ebs s\u00eb Magjistratur\u00ebs n\u00eb Shqip\u00ebri. Sot festuam 25 vjetorin e saj n\u00eb ceremonin\u00eb e diplomimit t\u00eb 23 magjistrat\u00ebve t\u00eb rinj shqiptar\u00eb, ku Ambasadorja Hohmann ritheksoi r\u00ebnd\u00ebsin\u00eb e shkoll\u00ebs dhe rikonfirmoi mb\u00ebshtetjen ton\u00eb t\u00eb patundur.<\/em><\/p>\n<p><em>\u201cShkolla e Magjistratur\u00ebs \u00ebsht\u00eb thelb\u00ebsore p\u00ebr p\u00ebrfundimin e reform\u00ebs n\u00eb drejt\u00ebsi. Ju jeni shtyt\u00ebsit e v\u00ebrtet\u00eb t\u00eb ndryshimit drejt nd\u00ebrtimit t\u00eb nj\u00eb sistemi drejt\u00ebsie t\u00eb drejt\u00eb dhe profesional, i cili g\u00ebzon besimin e plot\u00eb t\u00eb qytetar\u00ebve. Jam e nderuar q\u00eb mora pjes\u00eb n\u00eb ceremonin\u00eb e diplomimit t\u00eb 23 magjistrat\u00ebve t\u00eb rinj, q\u00eb sh\u00ebnoi edhe 25-vjetorin e Shkoll\u00ebs s\u00eb Magjistratur\u00ebs. Si shtyt\u00ebs t\u00eb v\u00ebrtet\u00eb t\u00eb ndryshimit dhe faktor\u00eb ky\u00e7 p\u00ebr suksesin e reform\u00ebs n\u00eb drejt\u00ebsi, shkolla dhe student\u00ebt e saj do t\u00eb vazhdojn\u00eb t\u00eb ken\u00eb mb\u00ebshtetjen e BE-s\u00eb!\u201d, <\/em>tha Ambasadorja e BE-s\u00eb, Christiane Hohmann.<\/p>\n","protected":false},"excerpt":{"rendered":"<p>Ambasadorja e Bashkimit Europian n\u00eb Tiran\u00eb, Christiane Hohmann e ka konsideruar faktor ky\u00e7 Shkoll\u00ebn e Magjistratur\u00ebs p\u00ebr reform\u00ebn n\u00eb drejt\u00ebsi. Hohman ishte e pranishme sot n\u00eb ceremonin\u00eb e 25-vjetorit t\u00eb ngritjes s\u00eb Shkoll\u00ebs s\u00eb Magjistratur\u00ebs. Ajo shprehu mb\u00ebshtetjen e plot\u00eb t\u00eb BE-s\u00eb p\u00ebr shkoll\u00ebn dhe student\u00ebt e saj. Postimi i Ambasad\u00ebs s\u00eb Bashkimit Europian: 25 [&hellip;]<\/p>\n","protected":false},"author":2037,"featured_media":290189,"comment_status":"closed","ping_status":"closed","sticky":false,"template":"","format":"standard","meta":{"footnotes":""},"categories":[241,364,231,235],"tags":[],"class_list":{"0":"post-290188","1":"post","2":"type-post","3":"status-publish","4":"format-standard","5":"has-post-thumbnail","7":"category-aktualitet","8":"category-koment-opinion","9":"category-lajme","10":"category-vendi"},"_links":{"self":[{"href":"https:\/\/zjarr.tv\/sq\/wp-json\/wp\/v2\/posts\/290188","targetHints":{"allow":["GET"]}}],"collection":[{"href":"https:\/\/zjarr.tv\/sq\/wp-json\/wp\/v2\/posts"}],"about":[{"href":"https:\/\/zjarr.tv\/sq\/wp-json\/wp\/v2\/types\/post"}],"author":[{"embeddable":true,"href":"https:\/\/zjarr.tv\/sq\/wp-json\/wp\/v2\/users\/2037"}],"replies":[{"embeddable":true,"href":"https:\/\/zjarr.tv\/sq\/wp-json\/wp\/v2\/comments?post=290188"}],"version-history":[{"count":0,"href":"https:\/\/zjarr.tv\/sq\/wp-json\/wp\/v2\/posts\/290188\/revisions"}],"wp:featuredmedia":[{"embeddable":true,"href":"https:\/\/zjarr.tv\/sq\/wp-json\/wp\/v2\/media\/290189"}],"wp:attachment":[{"href":"https:\/\/zjarr.tv\/sq\/wp-json\/wp\/v2\/media?parent=290188"}],"wp:term":[{"taxonomy":"category","embeddable":true,"href":"https:\/\/zjarr.tv\/sq\/wp-json\/wp\/v2\/categories?post=290188"},{"taxonomy":"post_tag","embeddable":true,"href":"https:\/\/zjarr.tv\/sq\/wp-json\/wp\/v2\/tags?post=290188"}],"curies":[{"name":"wp","href":"https:\/\/api.w.org\/{rel}","templated":true}]}}