{"id":291077,"date":"2022-10-06T22:20:14","date_gmt":"2022-10-06T20:20:14","guid":{"rendered":"https:\/\/zjarr.tv\/?p=291077"},"modified":"2022-10-06T22:20:14","modified_gmt":"2022-10-06T20:20:14","slug":"mungese-vullneti-per-te-hetuar-skandalin-e-inceneratoreve-ristani-per-lirimin-e-alqi-bllakos-ndryshimi-i-mases-se-sigurise-behet-kur","status":"publish","type":"post","link":"https:\/\/zjarr.tv\/sq\/mungese-vullneti-per-te-hetuar-skandalin-e-inceneratoreve-ristani-per-lirimin-e-alqi-bllakos-ndryshimi-i-mases-se-sigurise-behet-kur\/","title":{"rendered":"\u201cMunges\u00eb vullneti p\u00ebr t\u00eb hetuar skandalin e incenerator\u00ebve\u201d\/ Ristani p\u00ebr lirimin e Alqi Bllakos: Ndryshimi i mas\u00ebs s\u00eb siguris\u00eb b\u00ebhet kur\u2026"},"content":{"rendered":"<p>Ndryshimi i mas\u00ebs s\u00eb siguris\u00eb nga arrest me burg n\u00eb arrest sht\u00ebpie p\u00ebr Alqi Bllakon, sipas Arben Ristanit tregon munges\u00eb vullneti p\u00ebr t\u00eb hetuar \u00e7\u00ebshtjen e incenerator\u00ebve.<\/p>\n<p>An\u00ebtari i Kryesis\u00eb s\u00eb PD-s\u00eb, i ftuar n\u00eb emisionin \u201cOpen\u201d, deklaroi se masa e siguris\u00eb ndryshohet kur ndryshojn\u00eb dhe rrethanat e hetimeve.<\/p>\n<p>Sipas tij, SPAK nuk ka guxuar q\u00eb t\u2019i v\u00ebr\u00eb p\u00ebrpara drejt\u00ebsis\u00eb autor\u00ebt e v\u00ebrtet\u00eb t\u00eb skandalit t\u00eb incenerator\u00ebve.<\/p>\n<p>\u201cP\u00ebr mua ka nj\u00eb praktik\u00eb t\u00eb gabuar q\u00eb nuk \u00ebsht\u00eb e sotme por \u00ebsht\u00eb prej vitesh. Sipas ligjit arresti me burg \u00ebsht\u00eb mas\u00eb e fundit kur \u00e7do mas\u00eb tjet\u00ebr \u00ebsht\u00eb e pap\u00ebrshtatshme. K\u00ebtu \u00ebsht\u00eb p\u00ebrdorur gjer\u00ebsisht duke siguruar n\u00eb burg t\u00eb pandehurit gjat\u00eb hetimeve. N\u00eb parim \u00ebsht\u00eb abuzuar me arrestin n\u00eb p\u00ebrgjith\u00ebsi. kur ndryshohet masa e sigurimit duhet t\u00eb kishin ndryshuar rrethanat kur u mor vendimi i par\u00eb. Nuk e dim\u00eb cilat rrethana kan\u00eb ndryshuar sepse f\u00ebmij\u00ebt i ka pasur edhe n\u00eb momentin q\u00eb \u00ebsht\u00eb marr\u00eb vendimi i par\u00eb.<\/p>\n<p>Nuk duket t\u00eb ket\u00eb ndryshim t\u00eb rrethanave. Shoh n\u00eb p\u00ebrgjith\u00ebsi nj\u00eb pavullnet p\u00ebr t\u00eb hetuar k\u00ebt\u00eb \u00e7\u00ebshtjes, nj\u00eb nga skandalet m\u00eb t\u00eb m\u00ebdha korruptive n\u00eb vend. Hetimi duhet t\u00eb ishte m\u00eb i shpejt\u00eb e gjith\u00eb p\u00ebrfshir\u00ebs p\u00ebr aktor\u00eb q\u00eb SPAK nuk ka guxuar ti v\u00ebr\u00eb para drejt\u00ebsis\u00eb. loj\u00eb q\u00eb banda n\u00eb pushtet e luan p\u00ebrmes t\u00eb vet\u00ebve q\u00eb t\u00eb ul\u00eb impaktin publik t\u00eb \u00e7\u00ebshtjes\u201d, tha ai.<\/p>\n","protected":false},"excerpt":{"rendered":"<p>Ndryshimi i mas\u00ebs s\u00eb siguris\u00eb nga arrest me burg n\u00eb arrest sht\u00ebpie p\u00ebr Alqi Bllakon, sipas Arben Ristanit tregon munges\u00eb vullneti p\u00ebr t\u00eb hetuar \u00e7\u00ebshtjen e incenerator\u00ebve. An\u00ebtari i Kryesis\u00eb s\u00eb PD-s\u00eb, i ftuar n\u00eb emisionin \u201cOpen\u201d, deklaroi se masa e siguris\u00eb ndryshohet kur ndryshojn\u00eb dhe rrethanat e hetimeve. Sipas tij, SPAK nuk ka guxuar [&hellip;]<\/p>\n","protected":false},"author":2031,"featured_media":291078,"comment_status":"closed","ping_status":"closed","sticky":false,"template":"","format":"standard","meta":{"footnotes":""},"categories":[241,231,235],"tags":[],"class_list":{"0":"post-291077","1":"post","2":"type-post","3":"status-publish","4":"format-standard","5":"has-post-thumbnail","7":"category-aktualitet","8":"category-lajme","9":"category-vendi"},"_links":{"self":[{"href":"https:\/\/zjarr.tv\/sq\/wp-json\/wp\/v2\/posts\/291077","targetHints":{"allow":["GET"]}}],"collection":[{"href":"https:\/\/zjarr.tv\/sq\/wp-json\/wp\/v2\/posts"}],"about":[{"href":"https:\/\/zjarr.tv\/sq\/wp-json\/wp\/v2\/types\/post"}],"author":[{"embeddable":true,"href":"https:\/\/zjarr.tv\/sq\/wp-json\/wp\/v2\/users\/2031"}],"replies":[{"embeddable":true,"href":"https:\/\/zjarr.tv\/sq\/wp-json\/wp\/v2\/comments?post=291077"}],"version-history":[{"count":0,"href":"https:\/\/zjarr.tv\/sq\/wp-json\/wp\/v2\/posts\/291077\/revisions"}],"wp:featuredmedia":[{"embeddable":true,"href":"https:\/\/zjarr.tv\/sq\/wp-json\/wp\/v2\/media\/291078"}],"wp:attachment":[{"href":"https:\/\/zjarr.tv\/sq\/wp-json\/wp\/v2\/media?parent=291077"}],"wp:term":[{"taxonomy":"category","embeddable":true,"href":"https:\/\/zjarr.tv\/sq\/wp-json\/wp\/v2\/categories?post=291077"},{"taxonomy":"post_tag","embeddable":true,"href":"https:\/\/zjarr.tv\/sq\/wp-json\/wp\/v2\/tags?post=291077"}],"curies":[{"name":"wp","href":"https:\/\/api.w.org\/{rel}","templated":true}]}}