{"id":294117,"date":"2022-10-20T08:22:17","date_gmt":"2022-10-20T06:22:17","guid":{"rendered":"https:\/\/zjarr.tv\/?p=294117"},"modified":"2022-10-20T08:22:17","modified_gmt":"2022-10-20T06:22:17","slug":"sot-protesta-kombetare-e-pedagogeve-reagon-kryeministri-rama-ja-pergjigja-per-rritjen-e-pagave-dhe-kontrollin-e-pasurise","status":"publish","type":"post","link":"https:\/\/zjarr.tv\/sq\/sot-protesta-kombetare-e-pedagogeve-reagon-kryeministri-rama-ja-pergjigja-per-rritjen-e-pagave-dhe-kontrollin-e-pasurise\/","title":{"rendered":"Sot protesta komb\u00ebtare e pedagog\u00ebve, reagon kryeministri Rama. Ja p\u00ebrgjigja p\u00ebr rritjen e pagave dhe kontrollin e pasuris\u00eb"},"content":{"rendered":"<p>Nd\u00ebrkoh\u00eb q\u00eb k\u00ebt\u00eb t\u00eb enjte Sindikata e Pedagog\u00ebve ka thirrur nj\u00eb protest\u00eb komb\u00ebtare n\u00eb Tiran\u00eb, pak or\u00eb para nisjes s\u00eb saj kryeministri Edi Rama ka dal\u00eb me nj\u00eb mesazh.<\/p>\n<p>Lidhur me k\u00ebrkesat e pedagog\u00ebve p\u00ebr rritje page, Rama e ka b\u00ebr\u00eb edhe nj\u00eb her\u00eb t\u00eb qart\u00eb q\u00ebndrimin e tij.<\/p>\n<p>\u201cSa p\u00ebr rritjen e m\u00ebtejshme t\u00eb pagave e p\u00ebrs\u00ebris, nuk do t\u00eb ndodh\u00eb deri kur t\u00eb vij\u00eb radha e natyrshme, pas pensionist\u00ebve n\u00eb fundvit dhe pas daljes dimri, kur do t\u00eb b\u00ebjm\u00eb bilancet e kostove t\u00eb mburoj\u00ebs s\u00eb energjis\u00eb elektrike, edhe p\u00ebr familjet e pedagog\u00ebve q\u00eb mbrohen nga qeveria!\u201d, thekson Rama.<\/p>\n<p>Lidhur me reagimet q\u00eb shkaktoi deklarata e tij p\u00ebr kontrollin e pasuris\u00eb s\u00eb pedagog\u00ebve, Rama thot\u00eb se \u201casnj\u00eb Veting as do b\u00ebhet, as \u00ebsht\u00eb th\u00ebn\u00eb e as \u00ebsht\u00eb e menduar!\u201d.<\/p>\n<p>Kryeministri Edi Rama postim n\u00eb Twitter:<\/p>\n<p>Mediat e angazhuara masivisht p\u00ebr ta paraqitur si masive protest\u00ebn e nj\u00eb pakice pedagog\u00ebsh,n\u00ebn udh\u00ebheqjen e nongratave e t\u00eb shiksave t\u00eb tyre,flasin p\u00ebr gjoja nj\u00eb Veting q\u00eb do b\u00ebka regjimi imagjinar p\u00ebr pedagog\u00ebt! Asnj\u00eb Veting as do b\u00ebhet, as \u00ebsht\u00eb th\u00ebn\u00eb e as \u00ebsht\u00eb e menduar!<\/p>\n<p>Sa p\u00ebr rritjen e m\u00ebtejshme t\u00eb pagave e p\u00ebrs\u00ebris, nuk do t\u00eb ndodh\u00eb deri kur t\u00eb vij\u00eb radha e natyrshme, pas pensionist\u00ebve n\u00eb fundvit dhe pas daljes dimri, kur do t\u00eb b\u00ebjm\u00eb bilancet e kostove t\u00eb mburoj\u00ebs s\u00eb energjis\u00eb elektrike, edhe p\u00ebr familjet e pedagog\u00ebve q\u00eb mbrohen nga qeveria!<\/p>\n","protected":false},"excerpt":{"rendered":"<p>Nd\u00ebrkoh\u00eb q\u00eb k\u00ebt\u00eb t\u00eb enjte Sindikata e Pedagog\u00ebve ka thirrur nj\u00eb protest\u00eb komb\u00ebtare n\u00eb Tiran\u00eb, pak or\u00eb para nisjes s\u00eb saj kryeministri Edi Rama ka dal\u00eb me nj\u00eb mesazh. Lidhur me k\u00ebrkesat e pedagog\u00ebve p\u00ebr rritje page, Rama e ka b\u00ebr\u00eb edhe nj\u00eb her\u00eb t\u00eb qart\u00eb q\u00ebndrimin e tij. \u201cSa p\u00ebr rritjen e m\u00ebtejshme t\u00eb [&hellip;]<\/p>\n","protected":false},"author":2031,"featured_media":293843,"comment_status":"closed","ping_status":"closed","sticky":false,"template":"","format":"standard","meta":{"footnotes":""},"categories":[241,231],"tags":[],"class_list":{"0":"post-294117","1":"post","2":"type-post","3":"status-publish","4":"format-standard","5":"has-post-thumbnail","7":"category-aktualitet","8":"category-lajme"},"_links":{"self":[{"href":"https:\/\/zjarr.tv\/sq\/wp-json\/wp\/v2\/posts\/294117","targetHints":{"allow":["GET"]}}],"collection":[{"href":"https:\/\/zjarr.tv\/sq\/wp-json\/wp\/v2\/posts"}],"about":[{"href":"https:\/\/zjarr.tv\/sq\/wp-json\/wp\/v2\/types\/post"}],"author":[{"embeddable":true,"href":"https:\/\/zjarr.tv\/sq\/wp-json\/wp\/v2\/users\/2031"}],"replies":[{"embeddable":true,"href":"https:\/\/zjarr.tv\/sq\/wp-json\/wp\/v2\/comments?post=294117"}],"version-history":[{"count":0,"href":"https:\/\/zjarr.tv\/sq\/wp-json\/wp\/v2\/posts\/294117\/revisions"}],"wp:featuredmedia":[{"embeddable":true,"href":"https:\/\/zjarr.tv\/sq\/wp-json\/wp\/v2\/media\/293843"}],"wp:attachment":[{"href":"https:\/\/zjarr.tv\/sq\/wp-json\/wp\/v2\/media?parent=294117"}],"wp:term":[{"taxonomy":"category","embeddable":true,"href":"https:\/\/zjarr.tv\/sq\/wp-json\/wp\/v2\/categories?post=294117"},{"taxonomy":"post_tag","embeddable":true,"href":"https:\/\/zjarr.tv\/sq\/wp-json\/wp\/v2\/tags?post=294117"}],"curies":[{"name":"wp","href":"https:\/\/api.w.org\/{rel}","templated":true}]}}