{"id":294120,"date":"2022-10-20T08:23:58","date_gmt":"2022-10-20T06:23:58","guid":{"rendered":"https:\/\/zjarr.tv\/?p=294120"},"modified":"2022-10-20T08:23:58","modified_gmt":"2022-10-20T06:23:58","slug":"vdekja-e-32-vjecarit-pas-shoqerimit-nga-policia-ne-komisariat-ja-cfare-dyshohet-te-kete-ndodhur-merret-ne-pyetje-patrulla","status":"publish","type":"post","link":"https:\/\/zjarr.tv\/sq\/vdekja-e-32-vjecarit-pas-shoqerimit-nga-policia-ne-komisariat-ja-cfare-dyshohet-te-kete-ndodhur-merret-ne-pyetje-patrulla\/","title":{"rendered":"Vdekja e 32-vje\u00e7arit pas shoq\u00ebrimit nga policia n\u00eb Komisariat, ja \u00e7far\u00eb dyshohet t\u00eb ket\u00eb ndodhur. Merret n\u00eb pyetje patrulla"},"content":{"rendered":"<p>Nd\u00ebrkoh\u00eb q\u00eb pritet ekspertiza e vdekjes s\u00eb t\u00eb riut q\u00eb u shoq\u00ebrua nga policia n\u00eb Komisariat, pas ngjarjes, \u00ebsht\u00eb marr\u00eb n\u00eb pyetje patrulla e Komisariatit num\u00ebr 3 n\u00eb Tiran\u00eb q\u00eb e ndaloi.<br \/>\nI riu q\u00eb humbi jet\u00ebn \u00ebsht\u00eb 32 vje\u00e7ari Laer Kurti.<\/p>\n<p>Pas shoq\u00ebrimit nga policia n\u00eb Komisariat, dyshohet se i riu ka p\u00ebsuar atak kardiak ose epilepsi, \u00e7ka ka \u00e7uar n\u00eb vdekjen e tij.<\/p>\n<p>N\u00eb njoftimin p\u00ebr mediat, Agjencia e Mbikqyrjes Policore b\u00ebn me dije se i riu ka nd\u00ebrruar jet\u00eb pasi \u00ebsht\u00eb d\u00ebrguar n\u00eb spitalin e Traum\u00ebs dhe jo n\u00eb duart e polic\u00ebve. N\u00eb njoftimin zyrtar, b\u00ebhet me dije se efektiv\u00ebt e kan\u00eb ndjekur t\u00eb riun q\u00eb ka tentuar t\u00eb shp\u00ebtoj\u00eb prej tyre dhe pasi \u00ebsht\u00eb kapur n\u00eb zon\u00ebn e Don Boskos, e kan\u00eb shoq\u00ebruar n\u00eb Komisariat, ku ai dhe ka shfaqur probleme sh\u00ebndet\u00ebsore.<\/p>\n<p>\u201cMenj\u00ebher\u00eb \u00ebsht\u00eb k\u00ebrkuar ndihma e sh\u00ebrbimit t\u00eb Urgjenc\u00ebs dhe p\u00ebr shkak se situata sh\u00ebndet\u00ebsore e tij \u00ebsht\u00eb r\u00ebnduar, ky shtetas \u00ebsht\u00eb d\u00ebrguar me mjetet e Policis\u00eb n\u00eb Spitalin e Traum\u00ebs, ku edhe ka nd\u00ebrruar jet\u00eb.\u201d thekson AMP.<\/p>\n<p>Agjencia e Mbik\u00ebqyrjes Policore thot\u00eb se, n\u00ebn drejtimin e Prokuroris\u00eb ka ngritur grupin hetimor, i cili po kryen veprimet e para hetimore p\u00ebr sqarimin e plot\u00eb t\u00eb rrethanave t\u00eb ngjarjes.<\/p>\n<p>Njoftim nga Agjencia e Mbik\u00ebqyrjes Policore<\/p>\n<p>Informacion paraprak<\/p>\n<p>M\u00eb dat\u00eb 19.10.2022, rreth or\u00ebs 23:07, Patrulla e P\u00ebrgjithshme e Komisariatit t\u00eb Policis\u00eb Nr. 3 Tiran\u00eb, gjat\u00eb kontrollit t\u00eb territorit, kan\u00eb konstatuar n\u00eb rrug\u00ebn \u201cRiza Cuka\u201d nj\u00eb shtetas t\u00eb cilit i kan\u00eb b\u00ebr\u00eb thirrje p\u00ebr t\u00eb ndaluar me q\u00ebllim p\u00ebr t\u2019i kontrolluar dokumentat e identifikimit.<\/p>\n<p>Sapo patrulla i k\u00ebrkoi p\u00ebr t\u00eb paraqitur dokumentat e identifikimit, shtetasi L. K., 32 vje\u00e7 \u00ebsht\u00eb larguar me vrap. Punonj\u00ebsit e policis\u00eb jan\u00eb v\u00ebn\u00eb n\u00eb ndjekje dhe kan\u00eb arritur ta ndalojn\u00eb n\u00eb rrug\u00ebn \u201cDon Bosko\u201d, duke kryer m\u00eb pas edhe shoq\u00ebrimin e tij n\u00eb ambientet e Komisariatit t\u00eb Policis\u00eb Nr. 3 n\u00eb Tiran\u00eb.<\/p>\n<p>Gjat\u00eb shoq\u00ebrimit t\u00eb tij, ky shtetas ka shfaqur probleme shendet\u00ebsore sapo ka mb\u00ebrritur n\u00eb ambientet e Komisariatit. Menj\u00ebher\u00eb \u00ebsht\u00eb k\u00ebrkuar ndihma e sh\u00ebrbimit t\u00eb Urgjenc\u00ebs dhe p\u00ebr shkak se situata sh\u00ebndet\u00ebsore e tij \u00ebsht\u00eb r\u00ebnduar, ky shtetas \u00ebsht\u00eb d\u00ebrguar me mjetet e Policis\u00eb n\u00eb Spitalin e Traum\u00ebs, ku edhe ka nd\u00ebrruar jet\u00eb.<\/p>\n<p>Agjencia e Mbik\u00ebqyrjes Policore, n\u00ebn drejtimin e Prokuroris\u00eb ka ngritur menj\u00ebher\u00eb grupin hetimor, i cili po kryen veprimet e para hetimore p\u00ebr sqarimin e plot\u00eb t\u00eb rrethanave t\u00eb ngjarjes.<\/p>\n<p>Gjithashtu, aktualisht po kryhen ekzaminimet mjeko-ligjore p\u00ebr p\u00ebrcaktimin e shkakut te vdekjes dhe n\u00eb p\u00ebrfundim AMP do t\u00eb dal\u00eb me nj\u00eb njoftim p\u00ebrfundimtar p\u00ebr shtyp.<\/p>\n","protected":false},"excerpt":{"rendered":"<p>Nd\u00ebrkoh\u00eb q\u00eb pritet ekspertiza e vdekjes s\u00eb t\u00eb riut q\u00eb u shoq\u00ebrua nga policia n\u00eb Komisariat, pas ngjarjes, \u00ebsht\u00eb marr\u00eb n\u00eb pyetje patrulla e Komisariatit num\u00ebr 3 n\u00eb Tiran\u00eb q\u00eb e ndaloi. I riu q\u00eb humbi jet\u00ebn \u00ebsht\u00eb 32 vje\u00e7ari Laer Kurti. Pas shoq\u00ebrimit nga policia n\u00eb Komisariat, dyshohet se i riu ka p\u00ebsuar atak [&hellip;]<\/p>\n","protected":false},"author":2031,"featured_media":294121,"comment_status":"closed","ping_status":"closed","sticky":false,"template":"","format":"standard","meta":{"footnotes":""},"categories":[241,231],"tags":[],"class_list":{"0":"post-294120","1":"post","2":"type-post","3":"status-publish","4":"format-standard","5":"has-post-thumbnail","7":"category-aktualitet","8":"category-lajme"},"_links":{"self":[{"href":"https:\/\/zjarr.tv\/sq\/wp-json\/wp\/v2\/posts\/294120","targetHints":{"allow":["GET"]}}],"collection":[{"href":"https:\/\/zjarr.tv\/sq\/wp-json\/wp\/v2\/posts"}],"about":[{"href":"https:\/\/zjarr.tv\/sq\/wp-json\/wp\/v2\/types\/post"}],"author":[{"embeddable":true,"href":"https:\/\/zjarr.tv\/sq\/wp-json\/wp\/v2\/users\/2031"}],"replies":[{"embeddable":true,"href":"https:\/\/zjarr.tv\/sq\/wp-json\/wp\/v2\/comments?post=294120"}],"version-history":[{"count":0,"href":"https:\/\/zjarr.tv\/sq\/wp-json\/wp\/v2\/posts\/294120\/revisions"}],"wp:featuredmedia":[{"embeddable":true,"href":"https:\/\/zjarr.tv\/sq\/wp-json\/wp\/v2\/media\/294121"}],"wp:attachment":[{"href":"https:\/\/zjarr.tv\/sq\/wp-json\/wp\/v2\/media?parent=294120"}],"wp:term":[{"taxonomy":"category","embeddable":true,"href":"https:\/\/zjarr.tv\/sq\/wp-json\/wp\/v2\/categories?post=294120"},{"taxonomy":"post_tag","embeddable":true,"href":"https:\/\/zjarr.tv\/sq\/wp-json\/wp\/v2\/tags?post=294120"}],"curies":[{"name":"wp","href":"https:\/\/api.w.org\/{rel}","templated":true}]}}