{"id":294326,"date":"2022-10-20T20:52:59","date_gmt":"2022-10-20T18:52:59","guid":{"rendered":"https:\/\/zjarr.tv\/?p=294326"},"modified":"2022-10-20T20:52:59","modified_gmt":"2022-10-20T18:52:59","slug":"me-legjenden-rama-pret-ne-zyre-aktorin-e-njohur-jim-belushi","status":"publish","type":"post","link":"https:\/\/zjarr.tv\/sq\/me-legjenden-rama-pret-ne-zyre-aktorin-e-njohur-jim-belushi\/","title":{"rendered":"\u201cMe legjend\u00ebn\u201d, Rama pret n\u00eb zyr\u00eb aktorin e njohur Jim Belushi"},"content":{"rendered":"<p>Kryeministri Edi Rama dit\u00ebn e sotme ka pritur n\u00eb zyr\u00eb aktorin e njohur t\u00eb Hollivudit me origjin\u00eb shqiptare, Jim Belushi.<\/p>\n<p>Lajmin p\u00ebr ardhjen e tij n\u00eb Shqip\u00ebri e v\u00ebri t\u00eb ditur dit\u00ebn e djeshme vet\u00eb aktori p\u00ebrmes nj\u00eb postimi n\u00eb Instagram, nd\u00ebrkoh\u00eb pak m\u00eb her\u00ebt ka qen\u00eb Rama i cili publikoi nj\u00eb foto nga takimi i tij me Belushin.<\/p>\n<p>\u201cBlues Brothers. Me legjend\u00ebn Jim Belushi p\u00ebr dokumentarin amerikan mbi Shqip\u00ebrin\u00eb, n\u00eb serialin e Discovery Channel\u201d, shkroi Rama n\u00eb rrjetet sociale, krah videos dhe fotove me Jim me Belushin.<\/p>\n<p>Aktori i madh me origjin\u00eb shqiptare, Jim Belushi ndodhet n\u00eb Tiran\u00eb p\u00ebr t\u00eb realizuar dokumentarin q\u00eb do t\u00eb transmetohet s\u00eb shpejti n\u00eb median amerikane. Nj\u00eb dit\u00eb m\u00eb par\u00eb ai publikoi disa foto nga sheshi \u201cSk\u00ebnd\u00ebrbej\u201d teksa krah s\u00eb cilave shkruajti: E dua k\u00ebt\u00eb vend!<\/p>\n","protected":false},"excerpt":{"rendered":"<p>Kryeministri Edi Rama dit\u00ebn e sotme ka pritur n\u00eb zyr\u00eb aktorin e njohur t\u00eb Hollivudit me origjin\u00eb shqiptare, Jim Belushi. Lajmin p\u00ebr ardhjen e tij n\u00eb Shqip\u00ebri e v\u00ebri t\u00eb ditur dit\u00ebn e djeshme vet\u00eb aktori p\u00ebrmes nj\u00eb postimi n\u00eb Instagram, nd\u00ebrkoh\u00eb pak m\u00eb her\u00ebt ka qen\u00eb Rama i cili publikoi nj\u00eb foto nga takimi [&hellip;]<\/p>\n","protected":false},"author":2031,"featured_media":294327,"comment_status":"closed","ping_status":"closed","sticky":false,"template":"","format":"standard","meta":{"footnotes":""},"categories":[241,231,235],"tags":[],"class_list":{"0":"post-294326","1":"post","2":"type-post","3":"status-publish","4":"format-standard","5":"has-post-thumbnail","7":"category-aktualitet","8":"category-lajme","9":"category-vendi"},"_links":{"self":[{"href":"https:\/\/zjarr.tv\/sq\/wp-json\/wp\/v2\/posts\/294326","targetHints":{"allow":["GET"]}}],"collection":[{"href":"https:\/\/zjarr.tv\/sq\/wp-json\/wp\/v2\/posts"}],"about":[{"href":"https:\/\/zjarr.tv\/sq\/wp-json\/wp\/v2\/types\/post"}],"author":[{"embeddable":true,"href":"https:\/\/zjarr.tv\/sq\/wp-json\/wp\/v2\/users\/2031"}],"replies":[{"embeddable":true,"href":"https:\/\/zjarr.tv\/sq\/wp-json\/wp\/v2\/comments?post=294326"}],"version-history":[{"count":0,"href":"https:\/\/zjarr.tv\/sq\/wp-json\/wp\/v2\/posts\/294326\/revisions"}],"wp:featuredmedia":[{"embeddable":true,"href":"https:\/\/zjarr.tv\/sq\/wp-json\/wp\/v2\/media\/294327"}],"wp:attachment":[{"href":"https:\/\/zjarr.tv\/sq\/wp-json\/wp\/v2\/media?parent=294326"}],"wp:term":[{"taxonomy":"category","embeddable":true,"href":"https:\/\/zjarr.tv\/sq\/wp-json\/wp\/v2\/categories?post=294326"},{"taxonomy":"post_tag","embeddable":true,"href":"https:\/\/zjarr.tv\/sq\/wp-json\/wp\/v2\/tags?post=294326"}],"curies":[{"name":"wp","href":"https:\/\/api.w.org\/{rel}","templated":true}]}}