{"id":295291,"date":"2022-10-24T22:20:26","date_gmt":"2022-10-24T20:20:26","guid":{"rendered":"https:\/\/zjarr.tv\/?p=295291"},"modified":"2022-10-24T22:20:26","modified_gmt":"2022-10-24T20:20:26","slug":"dy-pyetjet-e-gjokutaj-per-autoritetet-tregoni-kur-dhe-pse-vdiq-lear-kurti","status":"publish","type":"post","link":"https:\/\/zjarr.tv\/sq\/dy-pyetjet-e-gjokutaj-per-autoritetet-tregoni-kur-dhe-pse-vdiq-lear-kurti\/","title":{"rendered":"Dy pyetjet e Gjokutaj p\u00ebr autoritetet: Tregoni kur dhe pse vdiq Lear Kurti?"},"content":{"rendered":"<p>Avokati Genc Gjokutaj komentoi n\u00eb edicionin e or\u00ebs 19:00 me Juli Krisafin n\u00eb Syri Tv, vdekjen e t\u00eb riut Lear Kurti n\u00eb duart e policis\u00eb pak dit\u00eb m\u00eb par\u00eb. I pyetur se p\u00ebrse policia po e ndiqte Lear Kurtin, avokati deklaroi se duhet nj\u00eb prov\u00eb q\u00eb policia t\u00eb vihet n\u00eb l\u00ebvizje.<\/p>\n<p>\u201cVerifikimet e policis\u00eb n\u00ebse b\u00ebhen sipas ligjit, s\u2019ka asgj\u00eb t\u00eb keqe. Ka nj\u00eb korniz\u00eb ligjore duke respektuar lirit\u00eb dhe t\u00eb drejtat e njeriut. Duhet nj\u00eb prov\u00eb q\u00eb policia t\u00eb vihet n\u00eb l\u00ebvizje. Ai s\u2019ka qen\u00eb i armatosur. Veprime t\u00eb tilla policia kryhen pafund por nuk denoncohen.\u201d-tha Gjokutaj.<\/p>\n<p>\u201cE kam ndjekur me imt\u00ebsi, lajmi i sot\u00ebm q\u00eb Prokuroria pranon faktin q\u00eb n\u00eb stomakun e djalit ka pasur l\u00ebnd\u00eb narkotike dhe fillimin e procedimit penal p\u00ebr dy dispozita q\u00eb vet\u00ebm me k\u00ebt\u00eb rast nuk kan\u00eb lidhje, kjo tregon q\u00eb zullumi \u00ebsht\u00eb trashur nga ata persona t\u00eb cil\u00ebt jan\u00eb t\u00eb implikuar. Veprimet e tyre jan\u00eb karakterizuar n\u00eb nj\u00eb tjet\u00ebr optik\u00eb ligjore. Qesja e drog\u00ebs n\u00eb stomak nuk shkakton vdekje n\u00eb pak minuta.\u201d-tha Gjokutaj.<\/p>\n<p>Sipas Genc Gjokutajt, kjo histori ka dy pika, shkaku i vdekjes dhe momenti i vdekjes q\u00eb duhet t\u00eb zbardhen dhe t\u00eb b\u00ebhen transparence nga autoritetet.<\/p>\n<p>\u201cProkuroria thot\u00eb veprime arbitrare. Do t\u00eb thot\u00eb krim si shp\u00ebrdorimi i detyr\u00ebs, policia duke shkelur ligjin ka c\u00ebnuar lirin\u00eb e personit dhe d\u00ebnohet 7 vite burg nd\u00ebrsa neni 97 mosdh\u00ebnia e ndihm\u00ebs nga personeli mjek\u00ebsor q\u00eb ka shkaktuar vdekjen.<\/p>\n<p>Jo vet\u00ebm q\u00eb policia ka mbuluar krimin e saj por k\u00ebt\u00eb ka dashur t\u2019ia kaloj\u00eb personelit mjek\u00ebsor. Kan\u00eb konstatuar se ai ka qen\u00eb i vdekur n\u00eb spital. Ekspertiza mjeko-ligjore, duhet shkaku pse ka vdekur dhe kur ka vdekur.<\/p>\n<p>Ai q\u00eb g\u00eblltit kokain\u00eb s\u2019mund t\u00eb ket\u00eb hematoma n\u00eb trup. Gjurm\u00ebt e d\u00ebmtimeve jan\u00eb procese q\u00eb vijojn\u00eb n\u00eb koh\u00eb m\u00eb von\u00eb.<\/p>\n<p>Autopsia prandaj b\u00ebhet n\u00eb krye t\u00eb 12 or\u00ebve q\u00eb d\u00ebmtimet, toksikologjike apo me mjete prer\u00ebse t\u00eb theksohen dhe eksperti t\u00eb arrij\u00eb n\u00eb nj\u00eb konkluzion t\u00eb sakt\u00eb.<br \/>\nZinxhiri i hetimit \u00ebsht\u00eb konstatimi, kapja, vajtja n\u00eb komisariat dhe n\u00eb spital. K\u00ebto duhen zbardhur.\u201d-tha Gjokutaj.<\/p>\n","protected":false},"excerpt":{"rendered":"<p>Avokati Genc Gjokutaj komentoi n\u00eb edicionin e or\u00ebs 19:00 me Juli Krisafin n\u00eb Syri Tv, vdekjen e t\u00eb riut Lear Kurti n\u00eb duart e policis\u00eb pak dit\u00eb m\u00eb par\u00eb. I pyetur se p\u00ebrse policia po e ndiqte Lear Kurtin, avokati deklaroi se duhet nj\u00eb prov\u00eb q\u00eb policia t\u00eb vihet n\u00eb l\u00ebvizje. \u201cVerifikimet e policis\u00eb n\u00ebse [&hellip;]<\/p>\n","protected":false},"author":2031,"featured_media":273821,"comment_status":"closed","ping_status":"closed","sticky":false,"template":"","format":"standard","meta":{"footnotes":""},"categories":[231],"tags":[],"class_list":{"0":"post-295291","1":"post","2":"type-post","3":"status-publish","4":"format-standard","5":"has-post-thumbnail","7":"category-lajme"},"_links":{"self":[{"href":"https:\/\/zjarr.tv\/sq\/wp-json\/wp\/v2\/posts\/295291","targetHints":{"allow":["GET"]}}],"collection":[{"href":"https:\/\/zjarr.tv\/sq\/wp-json\/wp\/v2\/posts"}],"about":[{"href":"https:\/\/zjarr.tv\/sq\/wp-json\/wp\/v2\/types\/post"}],"author":[{"embeddable":true,"href":"https:\/\/zjarr.tv\/sq\/wp-json\/wp\/v2\/users\/2031"}],"replies":[{"embeddable":true,"href":"https:\/\/zjarr.tv\/sq\/wp-json\/wp\/v2\/comments?post=295291"}],"version-history":[{"count":0,"href":"https:\/\/zjarr.tv\/sq\/wp-json\/wp\/v2\/posts\/295291\/revisions"}],"wp:featuredmedia":[{"embeddable":true,"href":"https:\/\/zjarr.tv\/sq\/wp-json\/wp\/v2\/media\/273821"}],"wp:attachment":[{"href":"https:\/\/zjarr.tv\/sq\/wp-json\/wp\/v2\/media?parent=295291"}],"wp:term":[{"taxonomy":"category","embeddable":true,"href":"https:\/\/zjarr.tv\/sq\/wp-json\/wp\/v2\/categories?post=295291"},{"taxonomy":"post_tag","embeddable":true,"href":"https:\/\/zjarr.tv\/sq\/wp-json\/wp\/v2\/tags?post=295291"}],"curies":[{"name":"wp","href":"https:\/\/api.w.org\/{rel}","templated":true}]}}