{"id":298258,"date":"2022-11-10T13:36:51","date_gmt":"2022-11-10T12:36:51","guid":{"rendered":"https:\/\/zjarr.tv\/?p=298258"},"modified":"2022-11-10T13:36:51","modified_gmt":"2022-11-10T12:36:51","slug":"ben-si-i-forte-vokshi-per-fjalimin-e-rames-u-ben-thirrje-deputeteve-sa-here-te-flas-me-gjuhe-dhune-te-largohemi-nga-seanca","status":"publish","type":"post","link":"https:\/\/zjarr.tv\/sq\/ben-si-i-forte-vokshi-per-fjalimin-e-rames-u-ben-thirrje-deputeteve-sa-here-te-flas-me-gjuhe-dhune-te-largohemi-nga-seanca\/","title":{"rendered":"\u201cB\u00ebn si i fort\u00eb\u201d, Vokshi p\u00ebr fjalimin e Ram\u00ebs, u b\u00ebn thirrje deputeteve: Sa her\u00eb t\u00eb flas me gjuh\u00eb dhune t\u00eb largohemi nga seanca"},"content":{"rendered":"<p>Deputetja e PD, Albana Vokshi ka reaguar n\u00eb lidhje me gjuh\u00ebn e p\u00ebrdorur t\u00eb kryeministrit Edi Rama i cili u foli ashp\u00ebr opozit\u00ebs.<\/p>\n<p>Ajo i b\u00ebri thirrje kryetares s\u00eb Kuvendit q\u00eb her\u00eb tjet\u00ebr t\u00eb ndal\u00eb kryeministrin q\u00eb t\u00eb p\u00ebrdor\u00eb gjuh\u00ebn e dhun\u00ebs. Nd\u00ebr t\u00eb tjera ajo tha se vet\u00eb sa her\u00eb q\u00eb Rama t\u00eb p\u00ebrdor\u00eb at\u00eb gjuh\u00eb do t\u00eb largohet nga Kuvendi, nd\u00ebrsa u b\u00ebri thirrje deputeteve q\u00eb t\u00eb b\u00ebjn\u00eb t\u00eb nj\u00ebjt\u00ebn gj\u00eb.<\/p>\n<p><em>\u201cSi prind jam e zem\u00ebruar me at\u00eb gjuh\u00eb. Edi Rama ia doli t\u00eb t\u00ebrheq v\u00ebmendjen. Nuk e di sa d\u00ebgjuan dhe lexuan rreth buxhetin. K\u00ebto t\u00eb gjith\u00eb u mor\u00ebn me Ram\u00ebn dhe askush nuk u mor\u00eb me buxhetin.<\/em><\/p>\n<p><em>Qindra mij\u00ebra prisnin se cfar\u00eb do b\u00ebhej me jet\u00ebn e tyre, sh\u00ebndet\u00ebsin\u00eb, arsimin, bujq\u00ebsin\u00eb, por Shqiptar\u00ebt d\u00ebgjuan gjuh\u00eb t\u00eb dhunshme ndaj kujdo q\u00eb e kritikoi. A e keni par\u00eb dhun\u00ebn n\u00eb Shqip\u00ebri \u00ebsht\u00eb e frikshme, por ne kemi kryedhunuesin verbal k\u00ebtu. N\u00eb k\u00ebt\u00eb sall\u00eb. Un\u00eb distacohem nga ajo gjuh\u00eb e dhunshme.<\/em><\/p>\n<p><em>I b\u00ebj thirrje kryetares q\u00eb t\u00eb ndal\u00eb kryeministrin kur e p\u00ebrdor at\u00eb gjuh\u00eb. Cdo grua q\u00eb ka f\u00ebmij\u00eb duhet sot t\u00eb distacohet. Aleanca e grave deputete duhet t\u00eb reagoj\u00eb. Gjuha e Edi Ram\u00ebs \u00ebsht\u00eb gjuh\u00eb e rrezikshme. \u00cbsht\u00eb e pafalshme tolerance q\u00eb b\u00ebhet. Un\u00eb do cohen t\u00eb iki dhe t\u00eb gjitha grat\u00eb t\u00eb largohen kur p\u00ebrdor k\u00ebt\u00eb fjalor kryeministri dhe b\u00ebn si i fort\u00eb\u201d<\/em>, tha Vokshi nd\u00ebr t\u00eb tjera.<\/p>\n","protected":false},"excerpt":{"rendered":"<p>Deputetja e PD, Albana Vokshi ka reaguar n\u00eb lidhje me gjuh\u00ebn e p\u00ebrdorur t\u00eb kryeministrit Edi Rama i cili u foli ashp\u00ebr opozit\u00ebs. Ajo i b\u00ebri thirrje kryetares s\u00eb Kuvendit q\u00eb her\u00eb tjet\u00ebr t\u00eb ndal\u00eb kryeministrin q\u00eb t\u00eb p\u00ebrdor\u00eb gjuh\u00ebn e dhun\u00ebs. Nd\u00ebr t\u00eb tjera ajo tha se vet\u00eb sa her\u00eb q\u00eb Rama t\u00eb p\u00ebrdor\u00eb [&hellip;]<\/p>\n","protected":false},"author":2037,"featured_media":298259,"comment_status":"closed","ping_status":"closed","sticky":false,"template":"","format":"standard","meta":{"footnotes":""},"categories":[241,364,231,1454,235],"tags":[],"class_list":{"0":"post-298258","1":"post","2":"type-post","3":"status-publish","4":"format-standard","5":"has-post-thumbnail","7":"category-aktualitet","8":"category-koment-opinion","9":"category-lajme","10":"category-politike","11":"category-vendi"},"_links":{"self":[{"href":"https:\/\/zjarr.tv\/sq\/wp-json\/wp\/v2\/posts\/298258","targetHints":{"allow":["GET"]}}],"collection":[{"href":"https:\/\/zjarr.tv\/sq\/wp-json\/wp\/v2\/posts"}],"about":[{"href":"https:\/\/zjarr.tv\/sq\/wp-json\/wp\/v2\/types\/post"}],"author":[{"embeddable":true,"href":"https:\/\/zjarr.tv\/sq\/wp-json\/wp\/v2\/users\/2037"}],"replies":[{"embeddable":true,"href":"https:\/\/zjarr.tv\/sq\/wp-json\/wp\/v2\/comments?post=298258"}],"version-history":[{"count":0,"href":"https:\/\/zjarr.tv\/sq\/wp-json\/wp\/v2\/posts\/298258\/revisions"}],"wp:featuredmedia":[{"embeddable":true,"href":"https:\/\/zjarr.tv\/sq\/wp-json\/wp\/v2\/media\/298259"}],"wp:attachment":[{"href":"https:\/\/zjarr.tv\/sq\/wp-json\/wp\/v2\/media?parent=298258"}],"wp:term":[{"taxonomy":"category","embeddable":true,"href":"https:\/\/zjarr.tv\/sq\/wp-json\/wp\/v2\/categories?post=298258"},{"taxonomy":"post_tag","embeddable":true,"href":"https:\/\/zjarr.tv\/sq\/wp-json\/wp\/v2\/tags?post=298258"}],"curies":[{"name":"wp","href":"https:\/\/api.w.org\/{rel}","templated":true}]}}