{"id":298276,"date":"2022-11-10T14:38:45","date_gmt":"2022-11-10T13:38:45","guid":{"rendered":"https:\/\/zjarr.tv\/?p=298276"},"modified":"2022-11-10T14:51:36","modified_gmt":"2022-11-10T13:51:36","slug":"inceneratori-i-elbasanit-kellici-mbyllja-e-hetimit-shpeton-ramen-dhe-agacin-mesazhi-i-spak-nuk-ka-drejtesi","status":"publish","type":"post","link":"https:\/\/zjarr.tv\/sq\/inceneratori-i-elbasanit-kellici-mbyllja-e-hetimit-shpeton-ramen-dhe-agacin-mesazhi-i-spak-nuk-ka-drejtesi\/","title":{"rendered":"Inceneratori i Elbasanit\/ K\u00eblli\u00e7i: Mbyllja e hetimit shp\u00ebton Ram\u00ebn dhe Aga\u00e7in! Mesazhi i SPAK, nuk ka drejt\u00ebsi"},"content":{"rendered":"<p>Deputeti i PD-s\u00eb Belind K\u00eblli\u00e7i ka reaguar pas njoftimit t\u00eb SPAK se \u00ebsht\u00eb drejt mbylljes s\u00eb s\u00eb\u00a0 dosjes s\u00eb inceneratorit t\u00eb Elbasanit, ku sipas tij po shp\u00ebton kryeministrin Edi Rama dhe Sekretarin e P\u00ebrgjithsh\u00ebm Engj\u00ebll Aga\u00e7in.<\/p>\n<p><strong>Postimi i plot\u00eb:<\/strong><\/p>\n<p><em>SPAK drejt mbylljes s\u00eb\u00a0 dosjes s\u00eb inceneratorit t\u00eb Elbasanit, shp\u00ebton Ram\u00ebn dhe Engj\u00ebll Aga\u00e7in.\u00a0<\/em><\/p>\n<p><em>Ky \u00ebsht\u00eb mesazhi q\u00eb SPAK i \u00e7on shqiptar\u00ebve: Nuk ka drejt\u00ebsi.\u00a0<\/em><\/p>\n<p><em>Ju b\u00ebj thirrje t\u00eb shp\u00ebtojm\u00eb vendin! Kryetar gjykate \u00ebsht\u00eb Edi Rama.<\/em><\/p>\n<p><em>Aga\u00e7i mblodhi 14 firma n\u00eb nj\u00eb dit\u00eb p\u00ebr nj\u00eb procedur\u00eb t\u00eb sajuar. Inceneratori i Elbasanit ka d\u00ebm ekonomik t\u00eb provuar. Kostoja e nd\u00ebrtimit 2.5 her\u00eb m\u00eb e lart\u00eb se tregu. 120-150 mij\u00eb euro n\u00eb muaj t\u00eb mbahet ndezur. Deri n\u00eb 2 milion\u00eb euro n\u00eb vit. Masak\u00ebr me euro.<\/em><\/p>\n<p><em>Po legalizojn\u00eb korrupsionin.<\/em><\/p>\n<p><em>Duhet t&#8217;i japim fund k\u00ebtyre fund\u00ebrrinave! Pasnes\u00ebr t\u00eb gjith\u00eb n\u00eb k\u00ebmb\u00eb! T\u00eb shp\u00ebtojm\u00eb k\u00ebt\u00eb vend ose do mbetemi si nomad\u00eb rrug\u00ebve t\u00eb bot\u00ebs!<\/em><\/p>\n<p><em>Tani mbetet n\u00eb dor\u00eb t\u00eb shqiptar\u00ebve.\u00a0<\/em><\/p>\n","protected":false},"excerpt":{"rendered":"<p>Deputeti i PD-s\u00eb Belind K\u00eblli\u00e7i ka reaguar pas njoftimit t\u00eb SPAK se \u00ebsht\u00eb drejt mbylljes s\u00eb s\u00eb\u00a0 dosjes s\u00eb inceneratorit t\u00eb Elbasanit, ku sipas tij po shp\u00ebton kryeministrin Edi Rama dhe Sekretarin e P\u00ebrgjithsh\u00ebm Engj\u00ebll Aga\u00e7in. Postimi i plot\u00eb: SPAK drejt mbylljes s\u00eb\u00a0 dosjes s\u00eb inceneratorit t\u00eb Elbasanit, shp\u00ebton Ram\u00ebn dhe Engj\u00ebll Aga\u00e7in.\u00a0 Ky \u00ebsht\u00eb [&hellip;]<\/p>\n","protected":false},"author":2037,"featured_media":298277,"comment_status":"closed","ping_status":"closed","sticky":false,"template":"","format":"standard","meta":{"footnotes":""},"categories":[241,364,231,1454,235],"tags":[],"class_list":{"0":"post-298276","1":"post","2":"type-post","3":"status-publish","4":"format-standard","5":"has-post-thumbnail","7":"category-aktualitet","8":"category-koment-opinion","9":"category-lajme","10":"category-politike","11":"category-vendi"},"_links":{"self":[{"href":"https:\/\/zjarr.tv\/sq\/wp-json\/wp\/v2\/posts\/298276","targetHints":{"allow":["GET"]}}],"collection":[{"href":"https:\/\/zjarr.tv\/sq\/wp-json\/wp\/v2\/posts"}],"about":[{"href":"https:\/\/zjarr.tv\/sq\/wp-json\/wp\/v2\/types\/post"}],"author":[{"embeddable":true,"href":"https:\/\/zjarr.tv\/sq\/wp-json\/wp\/v2\/users\/2037"}],"replies":[{"embeddable":true,"href":"https:\/\/zjarr.tv\/sq\/wp-json\/wp\/v2\/comments?post=298276"}],"version-history":[{"count":0,"href":"https:\/\/zjarr.tv\/sq\/wp-json\/wp\/v2\/posts\/298276\/revisions"}],"wp:featuredmedia":[{"embeddable":true,"href":"https:\/\/zjarr.tv\/sq\/wp-json\/wp\/v2\/media\/298277"}],"wp:attachment":[{"href":"https:\/\/zjarr.tv\/sq\/wp-json\/wp\/v2\/media?parent=298276"}],"wp:term":[{"taxonomy":"category","embeddable":true,"href":"https:\/\/zjarr.tv\/sq\/wp-json\/wp\/v2\/categories?post=298276"},{"taxonomy":"post_tag","embeddable":true,"href":"https:\/\/zjarr.tv\/sq\/wp-json\/wp\/v2\/tags?post=298276"}],"curies":[{"name":"wp","href":"https:\/\/api.w.org\/{rel}","templated":true}]}}