{"id":298280,"date":"2022-11-10T14:53:41","date_gmt":"2022-11-10T13:53:41","guid":{"rendered":"https:\/\/zjarr.tv\/?p=298280"},"modified":"2022-11-10T14:53:41","modified_gmt":"2022-11-10T13:53:41","slug":"nen-efektin-e-alkoolit-ben-veprime-te-pahijshme-kuvendi-perjashton-per-10-dite-dy-deputetet-e-pd","status":"publish","type":"post","link":"https:\/\/zjarr.tv\/sq\/nen-efektin-e-alkoolit-ben-veprime-te-pahijshme-kuvendi-perjashton-per-10-dite-dy-deputetet-e-pd\/","title":{"rendered":"N\u00ebn efektin e alkoolit b\u00ebn veprime t\u00eb pahijshme, Kuvendi p\u00ebrjashton p\u00ebr 10 dit\u00eb dy deputet\u00ebt e PD"},"content":{"rendered":"<p>Dy deputet\u00ebt e PD Edi Paloka dhe Bujar Leskaj jan\u00eb p\u00ebrjashtuar p\u00ebr 10 dit\u00eb nga Kuvendi. Sipas njoftimit dy deputet\u00ebt n\u00ebn efektin e pijeve alkolike kan\u00eb b\u00ebr\u00eb veprime t\u00eb pasjellshme n\u00eb seanc\u00eb gjat\u00eb votimit p\u00ebr projekt buxhetin e vitit 2023.<br \/>\nK\u00ebrkesa p\u00ebr p\u00ebrjashtim \u00ebsht\u00eb b\u00ebr\u00eb nga disa deputet\u00eb t\u00eb Grupit Parlamentar t\u00eb PS, sipas rregullores s\u00eb Kuvendit.<\/p>\n<p>Nga dy deputet\u00ebt nuk ka asnj\u00eb reagim.<\/p>\n<p>Njoftimi i Kuvendit<\/p>\n<p>Kuvendi i Shqiperise bazuar ne Rregulloren e vet do te marre masa disiplinore me perjashtim 10 ditor nga punimet, per deputetet Edi Paloka dhe Bujar Leskaj. Per shkak te konsumit te pijeve alkoolike, dy deputetet bene veprime te pahijshme dhe perdoren nje fjalor banal gjate procesit te votimit.<\/p>\n","protected":false},"excerpt":{"rendered":"<p>Dy deputet\u00ebt e PD Edi Paloka dhe Bujar Leskaj jan\u00eb p\u00ebrjashtuar p\u00ebr 10 dit\u00eb nga Kuvendi. Sipas njoftimit dy deputet\u00ebt n\u00ebn efektin e pijeve alkolike kan\u00eb b\u00ebr\u00eb veprime t\u00eb pasjellshme n\u00eb seanc\u00eb gjat\u00eb votimit p\u00ebr projekt buxhetin e vitit 2023. K\u00ebrkesa p\u00ebr p\u00ebrjashtim \u00ebsht\u00eb b\u00ebr\u00eb nga disa deputet\u00eb t\u00eb Grupit Parlamentar t\u00eb PS, sipas rregullores [&hellip;]<\/p>\n","protected":false},"author":2037,"featured_media":298281,"comment_status":"closed","ping_status":"closed","sticky":false,"template":"","format":"standard","meta":{"footnotes":""},"categories":[241,364,231,1454,235],"tags":[],"class_list":{"0":"post-298280","1":"post","2":"type-post","3":"status-publish","4":"format-standard","5":"has-post-thumbnail","7":"category-aktualitet","8":"category-koment-opinion","9":"category-lajme","10":"category-politike","11":"category-vendi"},"_links":{"self":[{"href":"https:\/\/zjarr.tv\/sq\/wp-json\/wp\/v2\/posts\/298280","targetHints":{"allow":["GET"]}}],"collection":[{"href":"https:\/\/zjarr.tv\/sq\/wp-json\/wp\/v2\/posts"}],"about":[{"href":"https:\/\/zjarr.tv\/sq\/wp-json\/wp\/v2\/types\/post"}],"author":[{"embeddable":true,"href":"https:\/\/zjarr.tv\/sq\/wp-json\/wp\/v2\/users\/2037"}],"replies":[{"embeddable":true,"href":"https:\/\/zjarr.tv\/sq\/wp-json\/wp\/v2\/comments?post=298280"}],"version-history":[{"count":0,"href":"https:\/\/zjarr.tv\/sq\/wp-json\/wp\/v2\/posts\/298280\/revisions"}],"wp:featuredmedia":[{"embeddable":true,"href":"https:\/\/zjarr.tv\/sq\/wp-json\/wp\/v2\/media\/298281"}],"wp:attachment":[{"href":"https:\/\/zjarr.tv\/sq\/wp-json\/wp\/v2\/media?parent=298280"}],"wp:term":[{"taxonomy":"category","embeddable":true,"href":"https:\/\/zjarr.tv\/sq\/wp-json\/wp\/v2\/categories?post=298280"},{"taxonomy":"post_tag","embeddable":true,"href":"https:\/\/zjarr.tv\/sq\/wp-json\/wp\/v2\/tags?post=298280"}],"curies":[{"name":"wp","href":"https:\/\/api.w.org\/{rel}","templated":true}]}}