{"id":298386,"date":"2022-11-11T09:09:14","date_gmt":"2022-11-11T08:09:14","guid":{"rendered":"https:\/\/zjarr.tv\/?p=298386"},"modified":"2022-11-11T09:09:14","modified_gmt":"2022-11-11T08:09:14","slug":"milaim-zeka-nese-amerika-me-thote-mos-fli-3-dite-me-gruan-une-nuk-i-futem-ne-krevat-as-per-3-muaj","status":"publish","type":"post","link":"https:\/\/zjarr.tv\/sq\/milaim-zeka-nese-amerika-me-thote-mos-fli-3-dite-me-gruan-une-nuk-i-futem-ne-krevat-as-per-3-muaj\/","title":{"rendered":"Milaim Zeka: N\u00ebse Amerika m\u00eb thot\u00eb mos fli 3 dit\u00eb me gruan, un\u00eb nuk i futem n\u00eb krevat as p\u00ebr 3 muaj"},"content":{"rendered":"<p>Milaim Zeka \u00ebsht\u00eb nj\u00eb nd\u00ebr gazetar\u00ebt t\u00eb cil\u00ebt asnj\u00ebher\u00eb nuk censuron mendimin e tij dhe gjithmon\u00eb lakohet si nj\u00eb nd\u00ebr figurat e ekranit m\u00eb t\u00eb drepjtp\u00ebrdrejt\u00eb.<\/p>\n<p>S\u00eb fundmi ai \u00ebsht\u00eb shprehur se n\u00ebse i thot\u00eb Amerika t\u00eb mos flej\u00eb me gruan, ai nuk do t\u00eb flej\u00eb.<\/p>\n<p>Zeka tha se Amerika dhe BE-ja kan\u00eb investuar shum\u00eb n\u00eb pavar\u00ebsin\u00eb e Kosov\u00ebs dhe n\u00eb garantimin e siguris\u00eb s\u00eb vendit.<\/p>\n<p>\u201cMua po m\u00eb tha Amerika mos fli me gruan 3 dit\u00eb, un\u00eb 3 muaj nuk futem n\u00eb krevatin e gruas. K\u00ebt\u00eb e b\u00ebj p\u00ebr sigurin\u00eb e f\u00ebmij\u00ebve t\u00eb mi, p\u00ebr sigurin\u00eb nacionale, p\u00ebr hir t\u00eb asaj q\u00eb garant t\u00eb siguris\u00eb ton\u00eb kemi vet\u00ebm Amerik\u00ebn. Amerika dhe BE-ja kan\u00eb investuar shum\u00eb n\u00eb pavar\u00ebsin\u00eb e Kosov\u00ebs\u201d, tha ai p\u00ebr emisionin \u201cDrejt\u201d.<\/p>\n","protected":false},"excerpt":{"rendered":"<p>Milaim Zeka \u00ebsht\u00eb nj\u00eb nd\u00ebr gazetar\u00ebt t\u00eb cil\u00ebt asnj\u00ebher\u00eb nuk censuron mendimin e tij dhe gjithmon\u00eb lakohet si nj\u00eb nd\u00ebr figurat e ekranit m\u00eb t\u00eb drepjtp\u00ebrdrejt\u00eb. S\u00eb fundmi ai \u00ebsht\u00eb shprehur se n\u00ebse i thot\u00eb Amerika t\u00eb mos flej\u00eb me gruan, ai nuk do t\u00eb flej\u00eb. Zeka tha se Amerika dhe BE-ja kan\u00eb investuar shum\u00eb [&hellip;]<\/p>\n","protected":false},"author":2031,"featured_media":180423,"comment_status":"closed","ping_status":"closed","sticky":false,"template":"","format":"standard","meta":{"footnotes":""},"categories":[241,231],"tags":[],"class_list":{"0":"post-298386","1":"post","2":"type-post","3":"status-publish","4":"format-standard","5":"has-post-thumbnail","7":"category-aktualitet","8":"category-lajme"},"_links":{"self":[{"href":"https:\/\/zjarr.tv\/sq\/wp-json\/wp\/v2\/posts\/298386","targetHints":{"allow":["GET"]}}],"collection":[{"href":"https:\/\/zjarr.tv\/sq\/wp-json\/wp\/v2\/posts"}],"about":[{"href":"https:\/\/zjarr.tv\/sq\/wp-json\/wp\/v2\/types\/post"}],"author":[{"embeddable":true,"href":"https:\/\/zjarr.tv\/sq\/wp-json\/wp\/v2\/users\/2031"}],"replies":[{"embeddable":true,"href":"https:\/\/zjarr.tv\/sq\/wp-json\/wp\/v2\/comments?post=298386"}],"version-history":[{"count":0,"href":"https:\/\/zjarr.tv\/sq\/wp-json\/wp\/v2\/posts\/298386\/revisions"}],"wp:featuredmedia":[{"embeddable":true,"href":"https:\/\/zjarr.tv\/sq\/wp-json\/wp\/v2\/media\/180423"}],"wp:attachment":[{"href":"https:\/\/zjarr.tv\/sq\/wp-json\/wp\/v2\/media?parent=298386"}],"wp:term":[{"taxonomy":"category","embeddable":true,"href":"https:\/\/zjarr.tv\/sq\/wp-json\/wp\/v2\/categories?post=298386"},{"taxonomy":"post_tag","embeddable":true,"href":"https:\/\/zjarr.tv\/sq\/wp-json\/wp\/v2\/tags?post=298386"}],"curies":[{"name":"wp","href":"https:\/\/api.w.org\/{rel}","templated":true}]}}