{"id":298432,"date":"2022-11-11T11:53:44","date_gmt":"2022-11-11T10:53:44","guid":{"rendered":"https:\/\/zjarr.tv\/?p=298432"},"modified":"2022-11-11T11:53:44","modified_gmt":"2022-11-11T10:53:44","slug":"protesta-kombetare-e-12-nentorit-rama-nuk-do-jete-ne-tirane-policia-njoftohet-per-tubim-dy-ore-ish-kryeministri-berisha-lajmeron","status":"publish","type":"post","link":"https:\/\/zjarr.tv\/sq\/protesta-kombetare-e-12-nentorit-rama-nuk-do-jete-ne-tirane-policia-njoftohet-per-tubim-dy-ore-ish-kryeministri-berisha-lajmeron\/","title":{"rendered":"Protesta komb\u00ebtare e 12 n\u00ebntorit\/ Rama nuk do jet\u00eb n\u00eb Tiran\u00eb, Policia njoftohet p\u00ebr tubim dy or\u00eb. Ish-kryeministri Berisha lajm\u00ebron\u2026"},"content":{"rendered":"<p>T\u00eb shtun\u00ebn e 12 n\u00ebntorit, opozita ka thirrur qytetar\u00ebt anemban\u00eb Shqip\u00ebris\u00eb q\u00eb t\u00eb mblidhen n\u00eb nj\u00eb protest\u00eb komb\u00ebtare n\u00eb kryeqytet ku do t\u00eb k\u00ebrkohet largimi i kryeministrit Edi Rama.<\/p>\n<p>Pak or\u00eb para protest\u00ebs, ish kryeministri Sali Berisha ka paralajm\u00ebruar konferenc\u00eb me gazetar\u00ebt n\u00eb selin\u00eb blu.<\/p>\n<p>Sipas News24 , Policia e Shtetit \u00ebsht\u00eb njoftuar p\u00ebr nj\u00eb protest\u00eb q\u00eb do t\u00eb zgjas\u00eb 2 or\u00eb, por kjo mbetet p\u00ebr t\u2019u par\u00eb, pasi parashikohet q\u00eb t\u00eb zgjas\u00eb m\u00eb shum\u00eb.<\/p>\n<p>Megjithat\u00eb Partia Demokratike duket se ka zgjedhur q\u00eb t\u00eb mos jap\u00eb shum\u00eb detaje lidhur me organizmin konkret.<\/p>\n<p>M\u00ebsohet se t\u00eb shtun\u00ebn, kryeministri Edi Rama nuk do t\u00eb jet\u00eb n\u00eb Tiran\u00eb. Sot dhe nes\u00ebr, (12 n\u00ebntor) kreu i qeveris\u00eb do t\u00eb jet\u00eb n\u00eb Paris ku do t\u00eb mbahet Samiti i Paqes.<\/p>\n","protected":false},"excerpt":{"rendered":"<p>T\u00eb shtun\u00ebn e 12 n\u00ebntorit, opozita ka thirrur qytetar\u00ebt anemban\u00eb Shqip\u00ebris\u00eb q\u00eb t\u00eb mblidhen n\u00eb nj\u00eb protest\u00eb komb\u00ebtare n\u00eb kryeqytet ku do t\u00eb k\u00ebrkohet largimi i kryeministrit Edi Rama. Pak or\u00eb para protest\u00ebs, ish kryeministri Sali Berisha ka paralajm\u00ebruar konferenc\u00eb me gazetar\u00ebt n\u00eb selin\u00eb blu. Sipas News24 , Policia e Shtetit \u00ebsht\u00eb njoftuar p\u00ebr nj\u00eb [&hellip;]<\/p>\n","protected":false},"author":2037,"featured_media":123185,"comment_status":"closed","ping_status":"closed","sticky":false,"template":"","format":"standard","meta":{"footnotes":""},"categories":[241,231,1454,235],"tags":[],"class_list":{"0":"post-298432","1":"post","2":"type-post","3":"status-publish","4":"format-standard","5":"has-post-thumbnail","7":"category-aktualitet","8":"category-lajme","9":"category-politike","10":"category-vendi"},"_links":{"self":[{"href":"https:\/\/zjarr.tv\/sq\/wp-json\/wp\/v2\/posts\/298432","targetHints":{"allow":["GET"]}}],"collection":[{"href":"https:\/\/zjarr.tv\/sq\/wp-json\/wp\/v2\/posts"}],"about":[{"href":"https:\/\/zjarr.tv\/sq\/wp-json\/wp\/v2\/types\/post"}],"author":[{"embeddable":true,"href":"https:\/\/zjarr.tv\/sq\/wp-json\/wp\/v2\/users\/2037"}],"replies":[{"embeddable":true,"href":"https:\/\/zjarr.tv\/sq\/wp-json\/wp\/v2\/comments?post=298432"}],"version-history":[{"count":0,"href":"https:\/\/zjarr.tv\/sq\/wp-json\/wp\/v2\/posts\/298432\/revisions"}],"wp:featuredmedia":[{"embeddable":true,"href":"https:\/\/zjarr.tv\/sq\/wp-json\/wp\/v2\/media\/123185"}],"wp:attachment":[{"href":"https:\/\/zjarr.tv\/sq\/wp-json\/wp\/v2\/media?parent=298432"}],"wp:term":[{"taxonomy":"category","embeddable":true,"href":"https:\/\/zjarr.tv\/sq\/wp-json\/wp\/v2\/categories?post=298432"},{"taxonomy":"post_tag","embeddable":true,"href":"https:\/\/zjarr.tv\/sq\/wp-json\/wp\/v2\/tags?post=298432"}],"curies":[{"name":"wp","href":"https:\/\/api.w.org\/{rel}","templated":true}]}}