{"id":298436,"date":"2022-11-11T12:02:01","date_gmt":"2022-11-11T11:02:01","guid":{"rendered":"https:\/\/zjarr.tv\/?p=298436"},"modified":"2022-11-11T12:02:01","modified_gmt":"2022-11-11T11:02:01","slug":"plagosja-e-kryebashkiakut-socialist-deputeti-demokrat-i-fierit-zbulon-prapaskenat-keta-jane-kryetaret-e-rames-qe-po-i-bejne-gjyqin-njeri-tjetrit","status":"publish","type":"post","link":"https:\/\/zjarr.tv\/sq\/plagosja-e-kryebashkiakut-socialist-deputeti-demokrat-i-fierit-zbulon-prapaskenat-keta-jane-kryetaret-e-rames-qe-po-i-bejne-gjyqin-njeri-tjetrit\/","title":{"rendered":"Plagosja e kryebashkiakut socialist\/ Deputeti demokrat i Fierit zbulon prapaskenat: K\u00ebta jan\u00eb kryetar\u00ebt e Ram\u00ebs q\u00eb po i b\u00ebjn\u00eb gjyqin nj\u00ebri-tjetrit!"},"content":{"rendered":"<p>Deputeti i PD p\u00ebr qarkun e Fierit, Luan Ba\u00e7i e konsideron plagosjen e kryebashkiakut socialist t\u00eb Divjak\u00ebs, Fredi Kokoneshi si nj\u00eb \u201cgjyq q\u00eb socialist\u00ebt po i b\u00ebjn\u00eb nj\u00ebri-tjetrit\u201d.<\/p>\n<p>N\u00eb nj\u00eb reagim n\u00eb Facebook, Ba\u00e7i teksa i uron sh\u00ebrim t\u00eb shpejt\u00eb thot\u00eb se vjedhjet, padrejt\u00ebsit\u00eb, abuzimet dhe arroganca kan\u00eb b\u00ebr\u00eb q\u00eb situata t\u00eb dal\u00eb jasht\u00eb kontrollit.<\/p>\n<p>Ba\u00e7i thekson se Kokoneshi \u00ebsht\u00eb nj\u00eb kryebashkiak i kontestuar nga qytetar\u00ebt, ndaj i fton t\u00eb gjith\u00eb t\u00eb dalin nes\u00ebr n\u00eb protest\u00eb.<\/p>\n<p><em>\u201cNe 12 Nentor, nes\u00ebr ne oren 16.00. \u00a0Te gjith\u00eb ne shesh, per ti shporrur nj\u00ebher\u00eb e mire dhe ti shp\u00ebtojm\u00eb te mos vrasin njeri tjetrin!\u201d<\/em><\/p>\n<p><strong>Reagimi i Luan Ba\u00e7it<\/strong><\/p>\n<p><em>Vazhdojn\u00eb kryetaret e bashkive, te godasin njeri tjerin, me bomba dhe me thika, ashtu si ne Lushnje, ku kryetari u godit me granata ne zyren e tij dhe tani\u00a0 eshte ne burg per korrupsion!<\/em><\/p>\n<p><em>Edhe ne Divjak sot, kryetari i emeruar dhe i kontestuar forte nga banoret, per menyren e drejtimit dhe i akuzuar shpesh here per korrupsion, goditet me thike nga pjestar te ekipit te tij dhe mazhorances qe perfaqeson!<\/em><\/p>\n<p><em>Vjedhjet, padrejtesite, abuzimet, arroganca e ketyre viteve, si ne pushtetin qendror dhe ate vendor, ku \u00e7do gje eshte ne doren e tyre, kane bere qe situata te jete jasht\u00eb kontrollit dhe ti bejne gjyqin njeri tjetrit vet!<\/em><\/p>\n<p><em>Gjithesesi i uroj sherim te shpejte z Kokoneshi, me shpresen, qe drejtesia te veproj shpejte dhe te vihen para pergjegjesise ligjore fajtoret, duke pasur parasysh, shkaku dhe pasoja!<\/em><\/p>\n<p><em>Keta jane kryetaret qe ka emeruar KM, te pa zgjedhur, te pa votuar nga qytetaret, jane thjesht hajdut te bandes se KM!<\/em><\/p>\n<p><em>Ne 12 Nentor, neser ne oren 16.00.<\/em><\/p>\n<p><em>Te gjithe ne shesh, per ti shporrur njehere e mire dhe ti shpetojme te mos vrasin njeri tjetrin!<\/em><\/p>\n","protected":false},"excerpt":{"rendered":"<p>Deputeti i PD p\u00ebr qarkun e Fierit, Luan Ba\u00e7i e konsideron plagosjen e kryebashkiakut socialist t\u00eb Divjak\u00ebs, Fredi Kokoneshi si nj\u00eb \u201cgjyq q\u00eb socialist\u00ebt po i b\u00ebjn\u00eb nj\u00ebri-tjetrit\u201d. N\u00eb nj\u00eb reagim n\u00eb Facebook, Ba\u00e7i teksa i uron sh\u00ebrim t\u00eb shpejt\u00eb thot\u00eb se vjedhjet, padrejt\u00ebsit\u00eb, abuzimet dhe arroganca kan\u00eb b\u00ebr\u00eb q\u00eb situata t\u00eb dal\u00eb jasht\u00eb kontrollit. [&hellip;]<\/p>\n","protected":false},"author":2037,"featured_media":298437,"comment_status":"closed","ping_status":"closed","sticky":false,"template":"","format":"standard","meta":{"footnotes":""},"categories":[241,364,231,1454,235],"tags":[],"class_list":{"0":"post-298436","1":"post","2":"type-post","3":"status-publish","4":"format-standard","5":"has-post-thumbnail","7":"category-aktualitet","8":"category-koment-opinion","9":"category-lajme","10":"category-politike","11":"category-vendi"},"_links":{"self":[{"href":"https:\/\/zjarr.tv\/sq\/wp-json\/wp\/v2\/posts\/298436","targetHints":{"allow":["GET"]}}],"collection":[{"href":"https:\/\/zjarr.tv\/sq\/wp-json\/wp\/v2\/posts"}],"about":[{"href":"https:\/\/zjarr.tv\/sq\/wp-json\/wp\/v2\/types\/post"}],"author":[{"embeddable":true,"href":"https:\/\/zjarr.tv\/sq\/wp-json\/wp\/v2\/users\/2037"}],"replies":[{"embeddable":true,"href":"https:\/\/zjarr.tv\/sq\/wp-json\/wp\/v2\/comments?post=298436"}],"version-history":[{"count":0,"href":"https:\/\/zjarr.tv\/sq\/wp-json\/wp\/v2\/posts\/298436\/revisions"}],"wp:featuredmedia":[{"embeddable":true,"href":"https:\/\/zjarr.tv\/sq\/wp-json\/wp\/v2\/media\/298437"}],"wp:attachment":[{"href":"https:\/\/zjarr.tv\/sq\/wp-json\/wp\/v2\/media?parent=298436"}],"wp:term":[{"taxonomy":"category","embeddable":true,"href":"https:\/\/zjarr.tv\/sq\/wp-json\/wp\/v2\/categories?post=298436"},{"taxonomy":"post_tag","embeddable":true,"href":"https:\/\/zjarr.tv\/sq\/wp-json\/wp\/v2\/tags?post=298436"}],"curies":[{"name":"wp","href":"https:\/\/api.w.org\/{rel}","templated":true}]}}